{"id":13975,"date":"2026-04-21T10:26:40","date_gmt":"2026-04-21T08:26:40","guid":{"rendered":"https:\/\/www.automobiles-caveng.ch\/mercedes-benz\/?p=13975"},"modified":"2026-04-21T10:29:49","modified_gmt":"2026-04-21T08:29:49","slug":"la-classe-c-electrique-de-mercedes-benz","status":"publish","type":"post","link":"https:\/\/www.automobiles-caveng.ch\/mercedes-benz\/2026\/04\/21\/la-classe-c-electrique-de-mercedes-benz\/","title":{"rendered":"La Classe C \u00e9lectrique de Mercedes-Benz. Un segment est red\u00e9fini."},"content":{"rendered":"\t\t<div data-elementor-type=\"wp-post\" data-elementor-id=\"13975\" class=\"elementor elementor-13975\">\n\t\t\t\t<div class=\"has_eae_slider elementor-element elementor-element-43db689 e-con-full e-flex e-con e-parent\" data-eae-slider=\"24493\" data-id=\"43db689\" data-element_type=\"container\" data-e-type=\"container\">\n\t\t<div class=\"has_eae_slider elementor-element elementor-element-6acc2bd e-con-full e-flex e-con e-child\" data-eae-slider=\"10460\" data-id=\"6acc2bd\" data-element_type=\"container\" data-e-type=\"container\">\n\t\t\t\t<div class=\"elementor-element elementor-element-035a369 elementor-widget elementor-widget-text-editor\" data-id=\"035a369\" data-element_type=\"widget\" data-e-type=\"widget\" data-widget_type=\"text-editor.default\">\n\t\t\t\t<div class=\"elementor-widget-container\">\n\t\t\t\t\t\t\t\t\t<p><span style=\"color: #000000;\"><strong>La classe C la plus sportive de tous les temps offre une agilit\u00e9 in\u00e9gal\u00e9e, 762 km de port\u00e9e et un confort de longue distance exceptionnel.<\/strong><\/span><\/p><p><span style=\"color: #000000;\">Gr\u00e2ce \u00e0 la suspension pneumatique AIRMATIC, \u00e0 la direction de l\u2019essieu arri\u00e8re et \u00e0 un confort int\u00e9rieur de la plus haute classe, la Mercedes-Benz Classe C \u00e9lectrique porte son segment \u00e0 un nouveau niveau. Avec une silhouette en coupe, un gril embl\u00e9matique avec 1\u2019050 points illumin\u00e9s et une GT arri\u00e8re expressive, elle incarne avec passion le langage de design Mercedes-Benz actuel.<\/span><\/p><p><span style=\"color: #000000;\">La nouvelle Classe C \u00e9lectrique a une autonomie allant jusqu&rsquo;\u00e0 762 kilom\u00e8tres (WLTP) gr\u00e2ce \u00e0 d&rsquo;excellentes a\u00e9rodynamiques et innovations telles que la pompe \u00e0 chaleur et le syst\u00e8me de freinage \u00e0 une bo\u00eete avec une capacit\u00e9 de r\u00e9cup\u00e9ration pouvant atteindre 300 kW. La technologie 800 volts et une nouvelle batterie avec 94 kWh de contenu \u00e9nerg\u00e9tique utilisable permettent de recharger une autonomie allant jusqu&rsquo;\u00e0 325 kilom\u00e8tres en seulement 10 minutes<\/span><\/p><p><span style=\"color: #000000;\"><strong>Polyvalent et pr\u00eat pour toute aventure<\/strong><\/span><br \/><span style=\"color: #000000;\">La nouvelle Classe C \u00e9lectrique convainc dans la vie de tous les jours, en voyage et en temps de loisirs. Il offre beaucoup d&rsquo;espace de rangement gr\u00e2ce \u00e0 un int\u00e9rieur spacieux, un coffre variable et un frunk de 101 litres. Avec jusqu&rsquo;\u00e0 1,8 tonne de charge de remorquage et des syst\u00e8mes d&rsquo;assistance \u00e0 la fine pointe de la technologie, il est polyvalent et s\u00fbr. Et la direction arri\u00e8re de 4,5 degr\u00e9s r\u00e9duit leur cercle de rotation \u00e0 seulement 11,2 m\u00e8tres.<\/span><\/p><p><span style=\"color: #000000;\"><strong>Les ventes commencent d\u00e9but mai<\/strong><\/span><br \/><span style=\"color: #000000;\">En Suisse, le d\u00e9marrage des ventes de la nouvelle Classe C \u00e9lectrique est pr\u00e9vu pour le d\u00e9but du mois de mai. Ensuite, les prix seront \u00e9galement annonc\u00e9s. Les premiers v\u00e9hicules devraient \u00eatre chez nos partenaires de distribution au d\u00e9but du mois de septembre.<\/span><\/p>\t\t\t\t\t\t\t\t<\/div>\n\t\t\t\t<\/div>\n\t\t\t\t<div class=\"elementor-element elementor-element-1ea57d1 elementor-widget elementor-widget-qi_addons_for_elementor_image_gallery\" data-id=\"1ea57d1\" data-element_type=\"widget\" data-e-type=\"widget\" data-widget_type=\"qi_addons_for_elementor_image_gallery.default\">\n\t\t\t\t<div class=\"elementor-widget-container\">\n\t\t\t\t\t<div class=\"qodef-shortcode qodef-m qodef-qi-image-gallery qodef-qi-fslightbox-popup qodef-popup-gallery qodef-image--hover-zoom qodef-qi-grid qodef-layout--qi-columns qodef-col-num--2 qodef-responsive--predefined\">\n\t<div class=\"qodef-grid-inner\">\n\t\t<div class=\"qodef-e qodef-image-wrapper qodef-grid-item\">\n\t<div class=\"qodef-e-inner\">\n\t\t\t\t\t<a class=\"qodef-popup-item\" itemprop=\"image\" href=\"https:\/\/www.automobiles-caveng.ch\/mercedes-benz\/wp-content\/uploads\/2026\/04\/800_mercedes-benz_c-klasseelektrisch3.jpg\" data-type=\"image\" data-fslightbox=\"gallery-341\">\n\t\t\t\t\t<img fetchpriority=\"high\" decoding=\"async\" width=\"800\" height=\"533\" src=\"https:\/\/www.automobiles-caveng.ch\/mercedes-benz\/wp-content\/uploads\/2026\/04\/800_mercedes-benz_c-klasseelektrisch3.jpg\" class=\"attachment-full size-full\" alt=\"\" srcset=\"https:\/\/www.automobiles-caveng.ch\/mercedes-benz\/wp-content\/uploads\/2026\/04\/800_mercedes-benz_c-klasseelektrisch3.jpg 800w, https:\/\/www.automobiles-caveng.ch\/mercedes-benz\/wp-content\/uploads\/2026\/04\/800_mercedes-benz_c-klasseelektrisch3-300x200.jpg 300w, https:\/\/www.automobiles-caveng.ch\/mercedes-benz\/wp-content\/uploads\/2026\/04\/800_mercedes-benz_c-klasseelektrisch3-768x512.jpg 768w\" sizes=\"(max-width: 800px) 100vw, 800px\" \/>\t\t\t\t\t<\/a>\n\t\t\t<\/div>\n<\/div>\n<div class=\"qodef-e qodef-image-wrapper qodef-grid-item\">\n\t<div class=\"qodef-e-inner\">\n\t\t\t\t\t<a class=\"qodef-popup-item\" itemprop=\"image\" href=\"https:\/\/www.automobiles-caveng.ch\/mercedes-benz\/wp-content\/uploads\/2026\/04\/800_mercedes-benz_c-klasseelektrisch4.jpg\" data-type=\"image\" data-fslightbox=\"gallery-341\">\n\t\t\t\t\t<img decoding=\"async\" width=\"800\" height=\"533\" src=\"https:\/\/www.automobiles-caveng.ch\/mercedes-benz\/wp-content\/uploads\/2026\/04\/800_mercedes-benz_c-klasseelektrisch4.jpg\" class=\"attachment-full size-full\" alt=\"\" srcset=\"https:\/\/www.automobiles-caveng.ch\/mercedes-benz\/wp-content\/uploads\/2026\/04\/800_mercedes-benz_c-klasseelektrisch4.jpg 800w, https:\/\/www.automobiles-caveng.ch\/mercedes-benz\/wp-content\/uploads\/2026\/04\/800_mercedes-benz_c-klasseelektrisch4-300x200.jpg 300w, https:\/\/www.automobiles-caveng.ch\/mercedes-benz\/wp-content\/uploads\/2026\/04\/800_mercedes-benz_c-klasseelektrisch4-768x512.jpg 768w\" sizes=\"(max-width: 800px) 100vw, 800px\" \/>\t\t\t\t\t<\/a>\n\t\t\t<\/div>\n<\/div>\n<div class=\"qodef-e qodef-image-wrapper qodef-grid-item\">\n\t<div class=\"qodef-e-inner\">\n\t\t\t\t\t<a class=\"qodef-popup-item\" itemprop=\"image\" href=\"https:\/\/www.automobiles-caveng.ch\/mercedes-benz\/wp-content\/uploads\/2026\/04\/800_mercedes-benz_c-klasseelektrisch6.jpg\" data-type=\"image\" data-fslightbox=\"gallery-341\">\n\t\t\t\t\t<img decoding=\"async\" width=\"800\" height=\"533\" src=\"https:\/\/www.automobiles-caveng.ch\/mercedes-benz\/wp-content\/uploads\/2026\/04\/800_mercedes-benz_c-klasseelektrisch6.jpg\" class=\"attachment-full size-full\" alt=\"\" srcset=\"https:\/\/www.automobiles-caveng.ch\/mercedes-benz\/wp-content\/uploads\/2026\/04\/800_mercedes-benz_c-klasseelektrisch6.jpg 800w, https:\/\/www.automobiles-caveng.ch\/mercedes-benz\/wp-content\/uploads\/2026\/04\/800_mercedes-benz_c-klasseelektrisch6-300x200.jpg 300w, https:\/\/www.automobiles-caveng.ch\/mercedes-benz\/wp-content\/uploads\/2026\/04\/800_mercedes-benz_c-klasseelektrisch6-768x512.jpg 768w\" sizes=\"(max-width: 800px) 100vw, 800px\" \/>\t\t\t\t\t<\/a>\n\t\t\t<\/div>\n<\/div>\n<div class=\"qodef-e qodef-image-wrapper qodef-grid-item\">\n\t<div class=\"qodef-e-inner\">\n\t\t\t\t\t<a class=\"qodef-popup-item\" itemprop=\"image\" href=\"https:\/\/www.automobiles-caveng.ch\/mercedes-benz\/wp-content\/uploads\/2026\/04\/800_mercedes-benz_c-klasseelektrisch7.jpg\" data-type=\"image\" data-fslightbox=\"gallery-341\">\n\t\t\t\t\t<img loading=\"lazy\" decoding=\"async\" width=\"800\" height=\"533\" src=\"https:\/\/www.automobiles-caveng.ch\/mercedes-benz\/wp-content\/uploads\/2026\/04\/800_mercedes-benz_c-klasseelektrisch7.jpg\" class=\"attachment-full size-full\" alt=\"\" srcset=\"https:\/\/www.automobiles-caveng.ch\/mercedes-benz\/wp-content\/uploads\/2026\/04\/800_mercedes-benz_c-klasseelektrisch7.jpg 800w, https:\/\/www.automobiles-caveng.ch\/mercedes-benz\/wp-content\/uploads\/2026\/04\/800_mercedes-benz_c-klasseelektrisch7-300x200.jpg 300w, https:\/\/www.automobiles-caveng.ch\/mercedes-benz\/wp-content\/uploads\/2026\/04\/800_mercedes-benz_c-klasseelektrisch7-768x512.jpg 768w\" sizes=\"(max-width: 800px) 100vw, 800px\" \/>\t\t\t\t\t<\/a>\n\t\t\t<\/div>\n<\/div>\n<div class=\"qodef-e qodef-image-wrapper qodef-grid-item\">\n\t<div class=\"qodef-e-inner\">\n\t\t\t\t\t<a class=\"qodef-popup-item\" itemprop=\"image\" href=\"https:\/\/www.automobiles-caveng.ch\/mercedes-benz\/wp-content\/uploads\/2026\/04\/800_mercedes-benz_c-klasseelektrisch1.jpg\" data-type=\"image\" data-fslightbox=\"gallery-341\">\n\t\t\t\t\t<img loading=\"lazy\" decoding=\"async\" width=\"800\" height=\"533\" src=\"https:\/\/www.automobiles-caveng.ch\/mercedes-benz\/wp-content\/uploads\/2026\/04\/800_mercedes-benz_c-klasseelektrisch1.jpg\" class=\"attachment-full size-full\" alt=\"\" srcset=\"https:\/\/www.automobiles-caveng.ch\/mercedes-benz\/wp-content\/uploads\/2026\/04\/800_mercedes-benz_c-klasseelektrisch1.jpg 800w, https:\/\/www.automobiles-caveng.ch\/mercedes-benz\/wp-content\/uploads\/2026\/04\/800_mercedes-benz_c-klasseelektrisch1-300x200.jpg 300w, https:\/\/www.automobiles-caveng.ch\/mercedes-benz\/wp-content\/uploads\/2026\/04\/800_mercedes-benz_c-klasseelektrisch1-768x512.jpg 768w\" sizes=\"(max-width: 800px) 100vw, 800px\" \/>\t\t\t\t\t<\/a>\n\t\t\t<\/div>\n<\/div>\n<div class=\"qodef-e qodef-image-wrapper qodef-grid-item\">\n\t<div class=\"qodef-e-inner\">\n\t\t\t\t\t<a class=\"qodef-popup-item\" itemprop=\"image\" href=\"https:\/\/www.automobiles-caveng.ch\/mercedes-benz\/wp-content\/uploads\/2026\/04\/800_mercedes-benz_c-klasseelektrisch5.jpg\" data-type=\"image\" data-fslightbox=\"gallery-341\">\n\t\t\t\t\t<img loading=\"lazy\" decoding=\"async\" width=\"800\" height=\"533\" src=\"https:\/\/www.automobiles-caveng.ch\/mercedes-benz\/wp-content\/uploads\/2026\/04\/800_mercedes-benz_c-klasseelektrisch5.jpg\" class=\"attachment-full size-full\" alt=\"\" srcset=\"https:\/\/www.automobiles-caveng.ch\/mercedes-benz\/wp-content\/uploads\/2026\/04\/800_mercedes-benz_c-klasseelektrisch5.jpg 800w, https:\/\/www.automobiles-caveng.ch\/mercedes-benz\/wp-content\/uploads\/2026\/04\/800_mercedes-benz_c-klasseelektrisch5-300x200.jpg 300w, https:\/\/www.automobiles-caveng.ch\/mercedes-benz\/wp-content\/uploads\/2026\/04\/800_mercedes-benz_c-klasseelektrisch5-768x512.jpg 768w\" sizes=\"(max-width: 800px) 100vw, 800px\" \/>\t\t\t\t\t<\/a>\n\t\t\t<\/div>\n<\/div>\n\t<\/div>\n<\/div>\n\t\t\t\t<\/div>\n\t\t\t\t<\/div>\n\t\t\t\t<\/div>\n\t\t\t\t<\/div>\n\t\t<div class=\"has_eae_slider elementor-element elementor-element-bea7320 e-flex e-con-boxed e-con e-parent\" data-eae-slider=\"65521\" data-id=\"bea7320\" data-element_type=\"container\" data-e-type=\"container\">\n\t\t\t\t\t<div class=\"e-con-inner\">\n\t\t\t\t<div class=\"elementor-element elementor-element-612a101 elementor-widget elementor-widget-luxedrive_core_social_share\" data-id=\"612a101\" data-element_type=\"widget\" data-e-type=\"widget\" data-widget_type=\"luxedrive_core_social_share.default\">\n\t\t\t\t<div class=\"elementor-widget-container\">\n\t\t\t\t\t<div class=\"qodef-shortcode qodef-m qodef-social-share clear qodef-layout--dropdown qodef-dropdown--bottom\">\n\t<a class=\"qodef-social-share-dropdown-opener\" href=\"javascript:void(0)\">\n\t\t<span class=\"qodef-social-title qodef-custom-label\">Partager cet article <\/span>\n\t\t<svg class=\"qodef-svg--social-share qodef-e-social-share-icon\" xmlns=\"http:\/\/www.w3.org\/2000\/svg\" width=\"32.0019989\" height=\"32\" viewBox=\"0 0 32.00199890136719 32\"><path d=\"M23.586 9.444c.88.666 1.972 1.064 3.16 1.064 2.902 0 5.254-2.352 5.254-5.254C32 2.352 29.648 0 26.746 0c-2.9 0-5.254 2.352-5.254 5.254v.004l-12.968 6.27c-.898-.716-2.034-1.148-3.27-1.148C2.352 10.38 0 12.734 0 15.634s2.352 5.254 5.254 5.254c1.048 0 2.024-.312 2.844-.84l13.396 6.476v.004c0 2.902 2.352 5.254 5.254 5.254 2.902 0 5.254-2.352 5.254-5.254 0-2.902-2.352-5.254-5.254-5.254-1.188 0-2.28.398-3.16 1.064l-13.1-6.332c.006-.08.01-.158.012-.238l13.086-6.324z\"\/><\/svg>\t<\/a>\n\t<div class=\"qodef-social-share-dropdown\">\n\t\t<ul class=\"qodef-shortcode-list\">\n\t\t\t<li class=\"qodef-facebook-share\">\n\t<a itemprop=\"url\" class=\"qodef-share-link\" href=\"#\" onclick=\"window.open(&#039;https:\/\/www.facebook.com\/sharer.php?u=https%3A%2F%2Fwww.automobiles-caveng.ch%2Fmercedes-benz%2F2026%2F04%2F21%2Fla-classe-c-electrique-de-mercedes-benz%2F&#039;, &#039;sharer&#039;, &#039;toolbar=0,status=0,width=620,height=280&#039;);\">\n\t\t\t\t\t<span class=\"qodef-icon-font-awesome fab fa-facebook-square qodef-social-network-icon\" ><\/span>\t\t\t<\/a>\n<\/li>\n<li class=\"qodef-linkedin-share\">\n\t<a itemprop=\"url\" class=\"qodef-share-link\" href=\"#\" onclick=\"popUp=window.open(&#039;https:\/\/www.linkedin.com\/sharing\/share-offsite?url==https%3A%2F%2Fwww.automobiles-caveng.ch%2Fmercedes-benz%2F2026%2F04%2F21%2Fla-classe-c-electrique-de-mercedes-benz%2F&amp;title=La+Classe+C+%C3%A9lectrique+de+Mercedes-Benz.+Un+segment+est+red%C3%A9fini.&#039;, &#039;popupwindow&#039;, &#039;scrollbars=yes,width=800,height=400&#039;);popUp.focus();return false;\">\n\t\t\t\t\t<span class=\"qodef-icon-font-awesome fab fa-linkedin qodef-social-network-icon\" ><\/span>\t\t\t<\/a>\n<\/li>\n\t\t<\/ul>\n\t<\/div>\n<\/div>\n\t\t\t\t<\/div>\n\t\t\t\t<\/div>\n\t\t\t\t\t<\/div>\n\t\t\t\t<\/div>\n\t\t\t\t<\/div>\n\t\t","protected":false},"excerpt":{"rendered":"<p>La classe C la plus sportive de tous les temps offre une agilit\u00e9 in\u00e9gal\u00e9e, 762 km de port\u00e9e et un confort de longue distance exceptionnel. Gr\u00e2ce \u00e0 la suspension pneumatique AIRMATIC, \u00e0 la direction de l\u2019essieu arri\u00e8re et \u00e0 un confort int\u00e9rieur de la plus haute classe, la Mercedes-Benz Classe C \u00e9lectrique porte son segment [&hellip;]<\/p>\n","protected":false},"author":1,"featured_media":13976,"comment_status":"closed","ping_status":"closed","sticky":false,"template":"","format":"standard","meta":{"footnotes":""},"categories":[1],"tags":[],"class_list":["post-13975","post","type-post","status-publish","format-standard","has-post-thumbnail","hentry","category-non-classifiee"],"yoast_head":"<!-- This site is optimized with the Yoast SEO plugin v26.3 - https:\/\/yoast.com\/wordpress\/plugins\/seo\/ -->\n<title>La Classe C \u00e9lectrique de Mercedes-Benz. Un segment est red\u00e9fini. | Automobiles Caveng Mercedes-Benz Gen\u00e8ve<\/title>\n<meta name=\"robots\" content=\"index, follow, max-snippet:-1, max-image-preview:large, max-video-preview:-1\" \/>\n<link rel=\"canonical\" href=\"https:\/\/www.automobiles-caveng.ch\/mercedes-benz\/2026\/04\/21\/la-classe-c-electrique-de-mercedes-benz\/\" \/>\n<meta property=\"og:locale\" content=\"fr_FR\" \/>\n<meta property=\"og:type\" content=\"article\" \/>\n<meta property=\"og:title\" content=\"La Classe C \u00e9lectrique de Mercedes-Benz. Un segment est red\u00e9fini. | Automobiles Caveng Mercedes-Benz Gen\u00e8ve\" \/>\n<meta property=\"og:description\" content=\"La classe C la plus sportive de tous les temps offre une agilit\u00e9 in\u00e9gal\u00e9e, 762 km de port\u00e9e et un confort de longue distance exceptionnel. Gr\u00e2ce \u00e0 la suspension pneumatique AIRMATIC, \u00e0 la direction de l\u2019essieu arri\u00e8re et \u00e0 un confort int\u00e9rieur de la plus haute classe, la Mercedes-Benz Classe C \u00e9lectrique porte son segment [&hellip;]\" \/>\n<meta property=\"og:url\" content=\"https:\/\/www.automobiles-caveng.ch\/mercedes-benz\/2026\/04\/21\/la-classe-c-electrique-de-mercedes-benz\/\" \/>\n<meta property=\"og:site_name\" content=\"Automobiles Caveng Mercedes-Benz Gen\u00e8ve\" \/>\n<meta property=\"article:publisher\" content=\"https:\/\/www.facebook.com\/mercedesbenzcaveng\" \/>\n<meta property=\"article:published_time\" content=\"2026-04-21T08:26:40+00:00\" \/>\n<meta property=\"article:modified_time\" content=\"2026-04-21T08:29:49+00:00\" \/>\n<meta property=\"og:image\" content=\"https:\/\/www.automobiles-caveng.ch\/mercedes-benz\/wp-content\/uploads\/2026\/04\/1920_mercedes-benz_c-klasseelektrisch2.jpg\" \/>\n\t<meta property=\"og:image:width\" content=\"800\" \/>\n\t<meta property=\"og:image:height\" content=\"533\" \/>\n\t<meta property=\"og:image:type\" content=\"image\/jpeg\" \/>\n<meta name=\"author\" content=\"lips75\" \/>\n<meta name=\"twitter:card\" content=\"summary_large_image\" \/>\n<meta name=\"twitter:label1\" content=\"\u00c9crit par\" \/>\n\t<meta name=\"twitter:data1\" content=\"lips75\" \/>\n\t<meta name=\"twitter:label2\" content=\"Dur\u00e9e de lecture estim\u00e9e\" \/>\n\t<meta name=\"twitter:data2\" content=\"3 minutes\" \/>\n<script type=\"application\/ld+json\" class=\"yoast-schema-graph\">{\"@context\":\"https:\/\/schema.org\",\"@graph\":[{\"@type\":\"WebPage\",\"@id\":\"https:\/\/www.automobiles-caveng.ch\/mercedes-benz\/2026\/04\/21\/la-classe-c-electrique-de-mercedes-benz\/\",\"url\":\"https:\/\/www.automobiles-caveng.ch\/mercedes-benz\/2026\/04\/21\/la-classe-c-electrique-de-mercedes-benz\/\",\"name\":\"La Classe C \u00e9lectrique de Mercedes-Benz. Un segment est red\u00e9fini. | Automobiles Caveng Mercedes-Benz Gen\u00e8ve\",\"isPartOf\":{\"@id\":\"https:\/\/www.automobiles-caveng.ch\/mercedes-benz\/#website\"},\"primaryImageOfPage\":{\"@id\":\"https:\/\/www.automobiles-caveng.ch\/mercedes-benz\/2026\/04\/21\/la-classe-c-electrique-de-mercedes-benz\/#primaryimage\"},\"image\":{\"@id\":\"https:\/\/www.automobiles-caveng.ch\/mercedes-benz\/2026\/04\/21\/la-classe-c-electrique-de-mercedes-benz\/#primaryimage\"},\"thumbnailUrl\":\"https:\/\/www.automobiles-caveng.ch\/mercedes-benz\/wp-content\/uploads\/2026\/04\/1920_mercedes-benz_c-klasseelektrisch2.jpg\",\"datePublished\":\"2026-04-21T08:26:40+00:00\",\"dateModified\":\"2026-04-21T08:29:49+00:00\",\"author\":{\"@id\":\"https:\/\/www.automobiles-caveng.ch\/mercedes-benz\/#\/schema\/person\/85c4d5bc45cdfae1d9285de36dbdc9da\"},\"breadcrumb\":{\"@id\":\"https:\/\/www.automobiles-caveng.ch\/mercedes-benz\/2026\/04\/21\/la-classe-c-electrique-de-mercedes-benz\/#breadcrumb\"},\"inLanguage\":\"fr-FR\",\"potentialAction\":[{\"@type\":\"ReadAction\",\"target\":[\"https:\/\/www.automobiles-caveng.ch\/mercedes-benz\/2026\/04\/21\/la-classe-c-electrique-de-mercedes-benz\/\"]}]},{\"@type\":\"ImageObject\",\"inLanguage\":\"fr-FR\",\"@id\":\"https:\/\/www.automobiles-caveng.ch\/mercedes-benz\/2026\/04\/21\/la-classe-c-electrique-de-mercedes-benz\/#primaryimage\",\"url\":\"https:\/\/www.automobiles-caveng.ch\/mercedes-benz\/wp-content\/uploads\/2026\/04\/1920_mercedes-benz_c-klasseelektrisch2.jpg\",\"contentUrl\":\"https:\/\/www.automobiles-caveng.ch\/mercedes-benz\/wp-content\/uploads\/2026\/04\/1920_mercedes-benz_c-klasseelektrisch2.jpg\",\"width\":800,\"height\":533},{\"@type\":\"BreadcrumbList\",\"@id\":\"https:\/\/www.automobiles-caveng.ch\/mercedes-benz\/2026\/04\/21\/la-classe-c-electrique-de-mercedes-benz\/#breadcrumb\",\"itemListElement\":[{\"@type\":\"ListItem\",\"position\":1,\"name\":\"Accueil\",\"item\":\"https:\/\/www.automobiles-caveng.ch\/mercedes-benz\/\"},{\"@type\":\"ListItem\",\"position\":2,\"name\":\"La Classe C \u00e9lectrique de Mercedes-Benz. Un segment est red\u00e9fini.\"}]},{\"@type\":\"WebSite\",\"@id\":\"https:\/\/www.automobiles-caveng.ch\/mercedes-benz\/#website\",\"url\":\"https:\/\/www.automobiles-caveng.ch\/mercedes-benz\/\",\"name\":\"Automobiles Caveng Mercedes-Benz Gen\u00e8ve\",\"description\":\"\",\"potentialAction\":[{\"@type\":\"SearchAction\",\"target\":{\"@type\":\"EntryPoint\",\"urlTemplate\":\"https:\/\/www.automobiles-caveng.ch\/mercedes-benz\/?s={search_term_string}\"},\"query-input\":{\"@type\":\"PropertyValueSpecification\",\"valueRequired\":true,\"valueName\":\"search_term_string\"}}],\"inLanguage\":\"fr-FR\"},{\"@type\":\"Person\",\"@id\":\"https:\/\/www.automobiles-caveng.ch\/mercedes-benz\/#\/schema\/person\/85c4d5bc45cdfae1d9285de36dbdc9da\",\"name\":\"lips75\",\"image\":{\"@type\":\"ImageObject\",\"inLanguage\":\"fr-FR\",\"@id\":\"https:\/\/www.automobiles-caveng.ch\/mercedes-benz\/#\/schema\/person\/image\/\",\"url\":\"https:\/\/secure.gravatar.com\/avatar\/af8ed608e6c9d12b6b7297125267dadff7ecc1e498a8c4b2f928744873b26abc?s=96&d=mm&r=g\",\"contentUrl\":\"https:\/\/secure.gravatar.com\/avatar\/af8ed608e6c9d12b6b7297125267dadff7ecc1e498a8c4b2f928744873b26abc?s=96&d=mm&r=g\",\"caption\":\"lips75\"},\"sameAs\":[\"https:\/\/automobiles-caveng.ch\/mercedes-benz\/new\"]}]}<\/script>\n<!-- \/ Yoast SEO plugin. -->","yoast_head_json":{"title":"La Classe C \u00e9lectrique de Mercedes-Benz. Un segment est red\u00e9fini. | Automobiles Caveng Mercedes-Benz Gen\u00e8ve","robots":{"index":"index","follow":"follow","max-snippet":"max-snippet:-1","max-image-preview":"max-image-preview:large","max-video-preview":"max-video-preview:-1"},"canonical":"https:\/\/www.automobiles-caveng.ch\/mercedes-benz\/2026\/04\/21\/la-classe-c-electrique-de-mercedes-benz\/","og_locale":"fr_FR","og_type":"article","og_title":"La Classe C \u00e9lectrique de Mercedes-Benz. Un segment est red\u00e9fini. | Automobiles Caveng Mercedes-Benz Gen\u00e8ve","og_description":"La classe C la plus sportive de tous les temps offre une agilit\u00e9 in\u00e9gal\u00e9e, 762 km de port\u00e9e et un confort de longue distance exceptionnel. Gr\u00e2ce \u00e0 la suspension pneumatique AIRMATIC, \u00e0 la direction de l\u2019essieu arri\u00e8re et \u00e0 un confort int\u00e9rieur de la plus haute classe, la Mercedes-Benz Classe C \u00e9lectrique porte son segment [&hellip;]","og_url":"https:\/\/www.automobiles-caveng.ch\/mercedes-benz\/2026\/04\/21\/la-classe-c-electrique-de-mercedes-benz\/","og_site_name":"Automobiles Caveng Mercedes-Benz Gen\u00e8ve","article_publisher":"https:\/\/www.facebook.com\/mercedesbenzcaveng","article_published_time":"2026-04-21T08:26:40+00:00","article_modified_time":"2026-04-21T08:29:49+00:00","og_image":[{"width":800,"height":533,"url":"https:\/\/www.automobiles-caveng.ch\/mercedes-benz\/wp-content\/uploads\/2026\/04\/1920_mercedes-benz_c-klasseelektrisch2.jpg","type":"image\/jpeg"}],"author":"lips75","twitter_card":"summary_large_image","twitter_misc":{"\u00c9crit par":"lips75","Dur\u00e9e de lecture estim\u00e9e":"3 minutes"},"schema":{"@context":"https:\/\/schema.org","@graph":[{"@type":"WebPage","@id":"https:\/\/www.automobiles-caveng.ch\/mercedes-benz\/2026\/04\/21\/la-classe-c-electrique-de-mercedes-benz\/","url":"https:\/\/www.automobiles-caveng.ch\/mercedes-benz\/2026\/04\/21\/la-classe-c-electrique-de-mercedes-benz\/","name":"La Classe C \u00e9lectrique de Mercedes-Benz. Un segment est red\u00e9fini. | Automobiles Caveng Mercedes-Benz Gen\u00e8ve","isPartOf":{"@id":"https:\/\/www.automobiles-caveng.ch\/mercedes-benz\/#website"},"primaryImageOfPage":{"@id":"https:\/\/www.automobiles-caveng.ch\/mercedes-benz\/2026\/04\/21\/la-classe-c-electrique-de-mercedes-benz\/#primaryimage"},"image":{"@id":"https:\/\/www.automobiles-caveng.ch\/mercedes-benz\/2026\/04\/21\/la-classe-c-electrique-de-mercedes-benz\/#primaryimage"},"thumbnailUrl":"https:\/\/www.automobiles-caveng.ch\/mercedes-benz\/wp-content\/uploads\/2026\/04\/1920_mercedes-benz_c-klasseelektrisch2.jpg","datePublished":"2026-04-21T08:26:40+00:00","dateModified":"2026-04-21T08:29:49+00:00","author":{"@id":"https:\/\/www.automobiles-caveng.ch\/mercedes-benz\/#\/schema\/person\/85c4d5bc45cdfae1d9285de36dbdc9da"},"breadcrumb":{"@id":"https:\/\/www.automobiles-caveng.ch\/mercedes-benz\/2026\/04\/21\/la-classe-c-electrique-de-mercedes-benz\/#breadcrumb"},"inLanguage":"fr-FR","potentialAction":[{"@type":"ReadAction","target":["https:\/\/www.automobiles-caveng.ch\/mercedes-benz\/2026\/04\/21\/la-classe-c-electrique-de-mercedes-benz\/"]}]},{"@type":"ImageObject","inLanguage":"fr-FR","@id":"https:\/\/www.automobiles-caveng.ch\/mercedes-benz\/2026\/04\/21\/la-classe-c-electrique-de-mercedes-benz\/#primaryimage","url":"https:\/\/www.automobiles-caveng.ch\/mercedes-benz\/wp-content\/uploads\/2026\/04\/1920_mercedes-benz_c-klasseelektrisch2.jpg","contentUrl":"https:\/\/www.automobiles-caveng.ch\/mercedes-benz\/wp-content\/uploads\/2026\/04\/1920_mercedes-benz_c-klasseelektrisch2.jpg","width":800,"height":533},{"@type":"BreadcrumbList","@id":"https:\/\/www.automobiles-caveng.ch\/mercedes-benz\/2026\/04\/21\/la-classe-c-electrique-de-mercedes-benz\/#breadcrumb","itemListElement":[{"@type":"ListItem","position":1,"name":"Accueil","item":"https:\/\/www.automobiles-caveng.ch\/mercedes-benz\/"},{"@type":"ListItem","position":2,"name":"La Classe C \u00e9lectrique de Mercedes-Benz. Un segment est red\u00e9fini."}]},{"@type":"WebSite","@id":"https:\/\/www.automobiles-caveng.ch\/mercedes-benz\/#website","url":"https:\/\/www.automobiles-caveng.ch\/mercedes-benz\/","name":"Automobiles Caveng Mercedes-Benz Gen\u00e8ve","description":"","potentialAction":[{"@type":"SearchAction","target":{"@type":"EntryPoint","urlTemplate":"https:\/\/www.automobiles-caveng.ch\/mercedes-benz\/?s={search_term_string}"},"query-input":{"@type":"PropertyValueSpecification","valueRequired":true,"valueName":"search_term_string"}}],"inLanguage":"fr-FR"},{"@type":"Person","@id":"https:\/\/www.automobiles-caveng.ch\/mercedes-benz\/#\/schema\/person\/85c4d5bc45cdfae1d9285de36dbdc9da","name":"lips75","image":{"@type":"ImageObject","inLanguage":"fr-FR","@id":"https:\/\/www.automobiles-caveng.ch\/mercedes-benz\/#\/schema\/person\/image\/","url":"https:\/\/secure.gravatar.com\/avatar\/af8ed608e6c9d12b6b7297125267dadff7ecc1e498a8c4b2f928744873b26abc?s=96&d=mm&r=g","contentUrl":"https:\/\/secure.gravatar.com\/avatar\/af8ed608e6c9d12b6b7297125267dadff7ecc1e498a8c4b2f928744873b26abc?s=96&d=mm&r=g","caption":"lips75"},"sameAs":["https:\/\/automobiles-caveng.ch\/mercedes-benz\/new"]}]}},"_links":{"self":[{"href":"https:\/\/www.automobiles-caveng.ch\/mercedes-benz\/wp-json\/wp\/v2\/posts\/13975","targetHints":{"allow":["GET"]}}],"collection":[{"href":"https:\/\/www.automobiles-caveng.ch\/mercedes-benz\/wp-json\/wp\/v2\/posts"}],"about":[{"href":"https:\/\/www.automobiles-caveng.ch\/mercedes-benz\/wp-json\/wp\/v2\/types\/post"}],"author":[{"embeddable":true,"href":"https:\/\/www.automobiles-caveng.ch\/mercedes-benz\/wp-json\/wp\/v2\/users\/1"}],"replies":[{"embeddable":true,"href":"https:\/\/www.automobiles-caveng.ch\/mercedes-benz\/wp-json\/wp\/v2\/comments?post=13975"}],"version-history":[{"count":8,"href":"https:\/\/www.automobiles-caveng.ch\/mercedes-benz\/wp-json\/wp\/v2\/posts\/13975\/revisions"}],"predecessor-version":[{"id":13998,"href":"https:\/\/www.automobiles-caveng.ch\/mercedes-benz\/wp-json\/wp\/v2\/posts\/13975\/revisions\/13998"}],"wp:featuredmedia":[{"embeddable":true,"href":"https:\/\/www.automobiles-caveng.ch\/mercedes-benz\/wp-json\/wp\/v2\/media\/13976"}],"wp:attachment":[{"href":"https:\/\/www.automobiles-caveng.ch\/mercedes-benz\/wp-json\/wp\/v2\/media?parent=13975"}],"wp:term":[{"taxonomy":"category","embeddable":true,"href":"https:\/\/www.automobiles-caveng.ch\/mercedes-benz\/wp-json\/wp\/v2\/categories?post=13975"},{"taxonomy":"post_tag","embeddable":true,"href":"https:\/\/www.automobiles-caveng.ch\/mercedes-benz\/wp-json\/wp\/v2\/tags?post=13975"}],"curies":[{"name":"wp","href":"https:\/\/api.w.org\/{rel}","templated":true}]}}