{"id":13912,"date":"2026-04-02T15:06:15","date_gmt":"2026-04-02T13:06:15","guid":{"rendered":"https:\/\/www.automobiles-caveng.ch\/mercedes-benz\/?p=13912"},"modified":"2026-04-02T15:08:13","modified_gmt":"2026-04-02T13:08:13","slug":"la-nouvelle-mercedes-amg-gle-53-la-performance-electrifiee-repond-a-lefficacite","status":"publish","type":"post","link":"https:\/\/www.automobiles-caveng.ch\/mercedes-benz\/2026\/04\/02\/la-nouvelle-mercedes-amg-gle-53-la-performance-electrifiee-repond-a-lefficacite\/","title":{"rendered":"La nouvelle Mercedes-AMG GLE 53. La performance \u00e9lectrifi\u00e9e r\u00e9pond \u00e0 l&rsquo;efficacit\u00e9."},"content":{"rendered":"\t\t<div data-elementor-type=\"wp-post\" data-elementor-id=\"13912\" class=\"elementor elementor-13912\">\n\t\t\t\t<div class=\"has_eae_slider elementor-element elementor-element-43db689 e-con-full e-flex e-con e-parent\" data-eae-slider=\"60285\" data-id=\"43db689\" data-element_type=\"container\" data-e-type=\"container\">\n\t\t<div class=\"has_eae_slider elementor-element elementor-element-6acc2bd e-con-full e-flex e-con e-child\" data-eae-slider=\"42333\" data-id=\"6acc2bd\" data-element_type=\"container\" data-e-type=\"container\">\n\t\t\t\t<div class=\"elementor-element elementor-element-035a369 elementor-widget elementor-widget-text-editor\" data-id=\"035a369\" data-element_type=\"widget\" data-e-type=\"widget\" data-widget_type=\"text-editor.default\">\n\t\t\t\t<div class=\"elementor-widget-container\">\n\t\t\t\t\t\t\t\t\t<p><span style=\"color: #000000;\"><strong>Mercedes-AMG a d\u00e9velopp\u00e9 de mani\u00e8re globale sa famille GLE 53 et l&rsquo;a mis \u00e0 jour avec une technologie de pointe.<\/strong><\/span><\/p><p><span style=\"color: #000000;\">La mise \u00e0 jour optique donne aux nouveaux mod\u00e8les une pr\u00e9sence plus expressive. La section avant r\u00e9vis\u00e9e impressionne par une garniture de radiateur modifi\u00e9e, sp\u00e9cifique \u00e0 l&rsquo;AMG, des prises d&rsquo;air repens\u00e9es et un \u00e9clairage LED caract\u00e9ristique qui souligne le caract\u00e8re sportif.<\/span><\/p><p><span style=\"color: #000000;\">L&rsquo;arri\u00e8re est \u00e9galement pr\u00e9sent\u00e9 de mani\u00e8re frappante avec des feux arri\u00e8re nouvellement form\u00e9s dans la conception de l&rsquo;\u00e9toile et le syst\u00e8me d&rsquo;\u00e9chappement typique AMG avec de doubles garnitures de tuyau d&rsquo;\u00e9chappement. De nombreuses finitions de peinture exclusives sont disponibles, y compris pour la premi\u00e8re fois comme la peinture de la s\u00e9rie AMG, la nouvelle couleur sp\u00e9ciale MANUFAKTUR haute technologie magno: il visualise parfaitement la revendication technologique des mod\u00e8les. Le moteur en ligne \u00e0 six cylindres de 3,0 litres d\u00e9velopp\u00e9 avec un son moteur puissant et \u00e9motionnel souligne la pr\u00e9sence optique du nouvel AMG GLE 53 avec des performances de conduite correspondantes.<\/span><\/p><p><span style=\"color: #000000;\">En Suisse, le lancement des ventes des nouveaux mod\u00e8les Mercedes-AMG GLE 53 est pr\u00e9vu pour fin mai 2026. Ensuite, les prix et les moteurs disponibles en Suisse seront \u00e9galement annonc\u00e9s.<\/span><\/p>\t\t\t\t\t\t\t\t<\/div>\n\t\t\t\t<\/div>\n\t\t\t\t<div class=\"elementor-element elementor-element-1ea57d1 elementor-widget elementor-widget-qi_addons_for_elementor_image_gallery\" data-id=\"1ea57d1\" data-element_type=\"widget\" data-e-type=\"widget\" data-widget_type=\"qi_addons_for_elementor_image_gallery.default\">\n\t\t\t\t<div class=\"elementor-widget-container\">\n\t\t\t\t\t<div class=\"qodef-shortcode qodef-m qodef-qi-image-gallery qodef-qi-fslightbox-popup qodef-popup-gallery qodef-image--hover-zoom qodef-qi-grid qodef-layout--qi-columns qodef-col-num--3 qodef-responsive--predefined\">\n\t<div class=\"qodef-grid-inner\">\n\t\t<div class=\"qodef-e qodef-image-wrapper qodef-grid-item\">\n\t<div class=\"qodef-e-inner\">\n\t\t\t\t\t<a class=\"qodef-popup-item\" itemprop=\"image\" href=\"https:\/\/www.automobiles-caveng.ch\/mercedes-benz\/wp-content\/uploads\/2026\/04\/800_mercedes-amg_gle53_02.jpg\" data-type=\"image\" data-fslightbox=\"gallery-910\">\n\t\t\t\t\t<img fetchpriority=\"high\" decoding=\"async\" width=\"800\" height=\"533\" src=\"https:\/\/www.automobiles-caveng.ch\/mercedes-benz\/wp-content\/uploads\/2026\/04\/800_mercedes-amg_gle53_02.jpg\" class=\"attachment-full size-full\" alt=\"\" srcset=\"https:\/\/www.automobiles-caveng.ch\/mercedes-benz\/wp-content\/uploads\/2026\/04\/800_mercedes-amg_gle53_02.jpg 800w, https:\/\/www.automobiles-caveng.ch\/mercedes-benz\/wp-content\/uploads\/2026\/04\/800_mercedes-amg_gle53_02-300x200.jpg 300w, https:\/\/www.automobiles-caveng.ch\/mercedes-benz\/wp-content\/uploads\/2026\/04\/800_mercedes-amg_gle53_02-768x512.jpg 768w\" sizes=\"(max-width: 800px) 100vw, 800px\" \/>\t\t\t\t\t<\/a>\n\t\t\t<\/div>\n<\/div>\n<div class=\"qodef-e qodef-image-wrapper qodef-grid-item\">\n\t<div class=\"qodef-e-inner\">\n\t\t\t\t\t<a class=\"qodef-popup-item\" itemprop=\"image\" href=\"https:\/\/www.automobiles-caveng.ch\/mercedes-benz\/wp-content\/uploads\/2026\/04\/800_mercedes-amg_gle53_03.jpg\" data-type=\"image\" data-fslightbox=\"gallery-910\">\n\t\t\t\t\t<img decoding=\"async\" width=\"800\" height=\"533\" src=\"https:\/\/www.automobiles-caveng.ch\/mercedes-benz\/wp-content\/uploads\/2026\/04\/800_mercedes-amg_gle53_03.jpg\" class=\"attachment-full size-full\" alt=\"\" srcset=\"https:\/\/www.automobiles-caveng.ch\/mercedes-benz\/wp-content\/uploads\/2026\/04\/800_mercedes-amg_gle53_03.jpg 800w, https:\/\/www.automobiles-caveng.ch\/mercedes-benz\/wp-content\/uploads\/2026\/04\/800_mercedes-amg_gle53_03-300x200.jpg 300w, https:\/\/www.automobiles-caveng.ch\/mercedes-benz\/wp-content\/uploads\/2026\/04\/800_mercedes-amg_gle53_03-768x512.jpg 768w\" sizes=\"(max-width: 800px) 100vw, 800px\" \/>\t\t\t\t\t<\/a>\n\t\t\t<\/div>\n<\/div>\n<div class=\"qodef-e qodef-image-wrapper qodef-grid-item\">\n\t<div class=\"qodef-e-inner\">\n\t\t\t\t\t<a class=\"qodef-popup-item\" itemprop=\"image\" href=\"https:\/\/www.automobiles-caveng.ch\/mercedes-benz\/wp-content\/uploads\/2026\/04\/800_mercedes-amg_gle53_04.jpg\" data-type=\"image\" data-fslightbox=\"gallery-910\">\n\t\t\t\t\t<img decoding=\"async\" width=\"800\" height=\"533\" src=\"https:\/\/www.automobiles-caveng.ch\/mercedes-benz\/wp-content\/uploads\/2026\/04\/800_mercedes-amg_gle53_04.jpg\" class=\"attachment-full size-full\" alt=\"\" srcset=\"https:\/\/www.automobiles-caveng.ch\/mercedes-benz\/wp-content\/uploads\/2026\/04\/800_mercedes-amg_gle53_04.jpg 800w, https:\/\/www.automobiles-caveng.ch\/mercedes-benz\/wp-content\/uploads\/2026\/04\/800_mercedes-amg_gle53_04-300x200.jpg 300w, https:\/\/www.automobiles-caveng.ch\/mercedes-benz\/wp-content\/uploads\/2026\/04\/800_mercedes-amg_gle53_04-768x512.jpg 768w\" sizes=\"(max-width: 800px) 100vw, 800px\" \/>\t\t\t\t\t<\/a>\n\t\t\t<\/div>\n<\/div>\n<div class=\"qodef-e qodef-image-wrapper qodef-grid-item\">\n\t<div class=\"qodef-e-inner\">\n\t\t\t\t\t<a class=\"qodef-popup-item\" itemprop=\"image\" href=\"https:\/\/www.automobiles-caveng.ch\/mercedes-benz\/wp-content\/uploads\/2026\/04\/800_mercedes-amg_gle53_07.jpg\" data-type=\"image\" data-fslightbox=\"gallery-910\">\n\t\t\t\t\t<img loading=\"lazy\" decoding=\"async\" width=\"800\" height=\"533\" src=\"https:\/\/www.automobiles-caveng.ch\/mercedes-benz\/wp-content\/uploads\/2026\/04\/800_mercedes-amg_gle53_07.jpg\" class=\"attachment-full size-full\" alt=\"\" srcset=\"https:\/\/www.automobiles-caveng.ch\/mercedes-benz\/wp-content\/uploads\/2026\/04\/800_mercedes-amg_gle53_07.jpg 800w, https:\/\/www.automobiles-caveng.ch\/mercedes-benz\/wp-content\/uploads\/2026\/04\/800_mercedes-amg_gle53_07-300x200.jpg 300w, https:\/\/www.automobiles-caveng.ch\/mercedes-benz\/wp-content\/uploads\/2026\/04\/800_mercedes-amg_gle53_07-768x512.jpg 768w\" sizes=\"(max-width: 800px) 100vw, 800px\" \/>\t\t\t\t\t<\/a>\n\t\t\t<\/div>\n<\/div>\n<div class=\"qodef-e qodef-image-wrapper qodef-grid-item\">\n\t<div class=\"qodef-e-inner\">\n\t\t\t\t\t<a class=\"qodef-popup-item\" itemprop=\"image\" href=\"https:\/\/www.automobiles-caveng.ch\/mercedes-benz\/wp-content\/uploads\/2026\/04\/800_mercedes-amg_gle53_05.jpg\" data-type=\"image\" data-fslightbox=\"gallery-910\">\n\t\t\t\t\t<img loading=\"lazy\" decoding=\"async\" width=\"800\" height=\"533\" src=\"https:\/\/www.automobiles-caveng.ch\/mercedes-benz\/wp-content\/uploads\/2026\/04\/800_mercedes-amg_gle53_05.jpg\" class=\"attachment-full size-full\" alt=\"\" srcset=\"https:\/\/www.automobiles-caveng.ch\/mercedes-benz\/wp-content\/uploads\/2026\/04\/800_mercedes-amg_gle53_05.jpg 800w, https:\/\/www.automobiles-caveng.ch\/mercedes-benz\/wp-content\/uploads\/2026\/04\/800_mercedes-amg_gle53_05-300x200.jpg 300w, https:\/\/www.automobiles-caveng.ch\/mercedes-benz\/wp-content\/uploads\/2026\/04\/800_mercedes-amg_gle53_05-768x512.jpg 768w\" sizes=\"(max-width: 800px) 100vw, 800px\" \/>\t\t\t\t\t<\/a>\n\t\t\t<\/div>\n<\/div>\n<div class=\"qodef-e qodef-image-wrapper qodef-grid-item\">\n\t<div class=\"qodef-e-inner\">\n\t\t\t\t\t<a class=\"qodef-popup-item\" itemprop=\"image\" href=\"https:\/\/www.automobiles-caveng.ch\/mercedes-benz\/wp-content\/uploads\/2026\/04\/800_mercedes-amg_gle53_06.jpg\" data-type=\"image\" data-fslightbox=\"gallery-910\">\n\t\t\t\t\t<img loading=\"lazy\" decoding=\"async\" width=\"800\" height=\"533\" src=\"https:\/\/www.automobiles-caveng.ch\/mercedes-benz\/wp-content\/uploads\/2026\/04\/800_mercedes-amg_gle53_06.jpg\" class=\"attachment-full size-full\" alt=\"\" srcset=\"https:\/\/www.automobiles-caveng.ch\/mercedes-benz\/wp-content\/uploads\/2026\/04\/800_mercedes-amg_gle53_06.jpg 800w, https:\/\/www.automobiles-caveng.ch\/mercedes-benz\/wp-content\/uploads\/2026\/04\/800_mercedes-amg_gle53_06-300x200.jpg 300w, https:\/\/www.automobiles-caveng.ch\/mercedes-benz\/wp-content\/uploads\/2026\/04\/800_mercedes-amg_gle53_06-768x512.jpg 768w\" sizes=\"(max-width: 800px) 100vw, 800px\" \/>\t\t\t\t\t<\/a>\n\t\t\t<\/div>\n<\/div>\n\t<\/div>\n<\/div>\n\t\t\t\t<\/div>\n\t\t\t\t<\/div>\n\t\t\t\t<\/div>\n\t\t\t\t<\/div>\n\t\t<div class=\"has_eae_slider elementor-element elementor-element-bea7320 e-flex e-con-boxed e-con e-parent\" data-eae-slider=\"10527\" data-id=\"bea7320\" data-element_type=\"container\" data-e-type=\"container\">\n\t\t\t\t\t<div class=\"e-con-inner\">\n\t\t\t\t<div class=\"elementor-element elementor-element-612a101 elementor-widget elementor-widget-luxedrive_core_social_share\" data-id=\"612a101\" data-element_type=\"widget\" data-e-type=\"widget\" data-widget_type=\"luxedrive_core_social_share.default\">\n\t\t\t\t<div class=\"elementor-widget-container\">\n\t\t\t\t\t<div class=\"qodef-shortcode qodef-m qodef-social-share clear qodef-layout--dropdown qodef-dropdown--bottom\">\n\t<a class=\"qodef-social-share-dropdown-opener\" href=\"javascript:void(0)\">\n\t\t<span class=\"qodef-social-title qodef-custom-label\">Partager cet article <\/span>\n\t\t<svg class=\"qodef-svg--social-share qodef-e-social-share-icon\" xmlns=\"http:\/\/www.w3.org\/2000\/svg\" width=\"32.0019989\" height=\"32\" viewBox=\"0 0 32.00199890136719 32\"><path d=\"M23.586 9.444c.88.666 1.972 1.064 3.16 1.064 2.902 0 5.254-2.352 5.254-5.254C32 2.352 29.648 0 26.746 0c-2.9 0-5.254 2.352-5.254 5.254v.004l-12.968 6.27c-.898-.716-2.034-1.148-3.27-1.148C2.352 10.38 0 12.734 0 15.634s2.352 5.254 5.254 5.254c1.048 0 2.024-.312 2.844-.84l13.396 6.476v.004c0 2.902 2.352 5.254 5.254 5.254 2.902 0 5.254-2.352 5.254-5.254 0-2.902-2.352-5.254-5.254-5.254-1.188 0-2.28.398-3.16 1.064l-13.1-6.332c.006-.08.01-.158.012-.238l13.086-6.324z\"\/><\/svg>\t<\/a>\n\t<div class=\"qodef-social-share-dropdown\">\n\t\t<ul class=\"qodef-shortcode-list\">\n\t\t\t<li class=\"qodef-facebook-share\">\n\t<a itemprop=\"url\" class=\"qodef-share-link\" href=\"#\" onclick=\"window.open(&#039;https:\/\/www.facebook.com\/sharer.php?u=https%3A%2F%2Fwww.automobiles-caveng.ch%2Fmercedes-benz%2F2026%2F04%2F02%2Fla-nouvelle-mercedes-amg-gle-53-la-performance-electrifiee-repond-a-lefficacite%2F&#039;, &#039;sharer&#039;, &#039;toolbar=0,status=0,width=620,height=280&#039;);\">\n\t\t\t\t\t<span class=\"qodef-icon-font-awesome fab fa-facebook-square qodef-social-network-icon\" ><\/span>\t\t\t<\/a>\n<\/li>\n<li class=\"qodef-linkedin-share\">\n\t<a itemprop=\"url\" class=\"qodef-share-link\" href=\"#\" onclick=\"popUp=window.open(&#039;https:\/\/www.linkedin.com\/sharing\/share-offsite?url==https%3A%2F%2Fwww.automobiles-caveng.ch%2Fmercedes-benz%2F2026%2F04%2F02%2Fla-nouvelle-mercedes-amg-gle-53-la-performance-electrifiee-repond-a-lefficacite%2F&amp;title=La+nouvelle+Mercedes-AMG+GLE+53.+La+performance+%C3%A9lectrifi%C3%A9e+r%C3%A9pond+%C3%A0+l%26rsquo%3Befficacit%C3%A9.&#039;, &#039;popupwindow&#039;, &#039;scrollbars=yes,width=800,height=400&#039;);popUp.focus();return false;\">\n\t\t\t\t\t<span class=\"qodef-icon-font-awesome fab fa-linkedin qodef-social-network-icon\" ><\/span>\t\t\t<\/a>\n<\/li>\n\t\t<\/ul>\n\t<\/div>\n<\/div>\n\t\t\t\t<\/div>\n\t\t\t\t<\/div>\n\t\t\t\t\t<\/div>\n\t\t\t\t<\/div>\n\t\t\t\t<\/div>\n\t\t","protected":false},"excerpt":{"rendered":"<p>Mercedes-AMG a d\u00e9velopp\u00e9 de mani\u00e8re globale sa famille GLE 53 et l&rsquo;a mis \u00e0 jour avec une technologie de pointe. La mise \u00e0 jour optique donne aux nouveaux mod\u00e8les une pr\u00e9sence plus expressive. La section avant r\u00e9vis\u00e9e impressionne par une garniture de radiateur modifi\u00e9e, sp\u00e9cifique \u00e0 l&rsquo;AMG, des prises d&rsquo;air repens\u00e9es et un \u00e9clairage LED [&hellip;]<\/p>\n","protected":false},"author":1,"featured_media":13913,"comment_status":"closed","ping_status":"closed","sticky":false,"template":"","format":"standard","meta":{"footnotes":""},"categories":[1],"tags":[],"class_list":["post-13912","post","type-post","status-publish","format-standard","has-post-thumbnail","hentry","category-non-classifiee"],"yoast_head":"<!-- This site is optimized with the Yoast SEO plugin v26.3 - https:\/\/yoast.com\/wordpress\/plugins\/seo\/ -->\n<title>La nouvelle Mercedes-AMG GLE 53. La performance \u00e9lectrifi\u00e9e r\u00e9pond \u00e0 l&#039;efficacit\u00e9. | Automobiles Caveng Mercedes-Benz Gen\u00e8ve<\/title>\n<meta name=\"robots\" content=\"index, follow, max-snippet:-1, max-image-preview:large, max-video-preview:-1\" \/>\n<link rel=\"canonical\" href=\"https:\/\/www.automobiles-caveng.ch\/mercedes-benz\/2026\/04\/02\/la-nouvelle-mercedes-amg-gle-53-la-performance-electrifiee-repond-a-lefficacite\/\" \/>\n<meta property=\"og:locale\" content=\"fr_FR\" \/>\n<meta property=\"og:type\" content=\"article\" \/>\n<meta property=\"og:title\" content=\"La nouvelle Mercedes-AMG GLE 53. La performance \u00e9lectrifi\u00e9e r\u00e9pond \u00e0 l&#039;efficacit\u00e9. | Automobiles Caveng Mercedes-Benz Gen\u00e8ve\" \/>\n<meta property=\"og:description\" content=\"Mercedes-AMG a d\u00e9velopp\u00e9 de mani\u00e8re globale sa famille GLE 53 et l&rsquo;a mis \u00e0 jour avec une technologie de pointe. La mise \u00e0 jour optique donne aux nouveaux mod\u00e8les une pr\u00e9sence plus expressive. La section avant r\u00e9vis\u00e9e impressionne par une garniture de radiateur modifi\u00e9e, sp\u00e9cifique \u00e0 l&rsquo;AMG, des prises d&rsquo;air repens\u00e9es et un \u00e9clairage LED [&hellip;]\" \/>\n<meta property=\"og:url\" content=\"https:\/\/www.automobiles-caveng.ch\/mercedes-benz\/2026\/04\/02\/la-nouvelle-mercedes-amg-gle-53-la-performance-electrifiee-repond-a-lefficacite\/\" \/>\n<meta property=\"og:site_name\" content=\"Automobiles Caveng Mercedes-Benz Gen\u00e8ve\" \/>\n<meta property=\"article:publisher\" content=\"https:\/\/www.facebook.com\/mercedesbenzcaveng\" \/>\n<meta property=\"article:published_time\" content=\"2026-04-02T13:06:15+00:00\" \/>\n<meta property=\"article:modified_time\" content=\"2026-04-02T13:08:13+00:00\" \/>\n<meta property=\"og:image\" content=\"https:\/\/www.automobiles-caveng.ch\/mercedes-benz\/wp-content\/uploads\/2026\/04\/800_mercedes-amg_gle53_01.jpg\" \/>\n\t<meta property=\"og:image:width\" content=\"800\" \/>\n\t<meta property=\"og:image:height\" content=\"533\" \/>\n\t<meta property=\"og:image:type\" content=\"image\/jpeg\" \/>\n<meta name=\"author\" content=\"lips75\" \/>\n<meta name=\"twitter:card\" content=\"summary_large_image\" \/>\n<meta name=\"twitter:label1\" content=\"\u00c9crit par\" \/>\n\t<meta name=\"twitter:data1\" content=\"lips75\" \/>\n\t<meta name=\"twitter:label2\" content=\"Dur\u00e9e de lecture estim\u00e9e\" \/>\n\t<meta name=\"twitter:data2\" content=\"3 minutes\" \/>\n<script type=\"application\/ld+json\" class=\"yoast-schema-graph\">{\"@context\":\"https:\/\/schema.org\",\"@graph\":[{\"@type\":\"WebPage\",\"@id\":\"https:\/\/www.automobiles-caveng.ch\/mercedes-benz\/2026\/04\/02\/la-nouvelle-mercedes-amg-gle-53-la-performance-electrifiee-repond-a-lefficacite\/\",\"url\":\"https:\/\/www.automobiles-caveng.ch\/mercedes-benz\/2026\/04\/02\/la-nouvelle-mercedes-amg-gle-53-la-performance-electrifiee-repond-a-lefficacite\/\",\"name\":\"La nouvelle Mercedes-AMG GLE 53. La performance \u00e9lectrifi\u00e9e r\u00e9pond \u00e0 l'efficacit\u00e9. | Automobiles Caveng Mercedes-Benz Gen\u00e8ve\",\"isPartOf\":{\"@id\":\"https:\/\/www.automobiles-caveng.ch\/mercedes-benz\/#website\"},\"primaryImageOfPage\":{\"@id\":\"https:\/\/www.automobiles-caveng.ch\/mercedes-benz\/2026\/04\/02\/la-nouvelle-mercedes-amg-gle-53-la-performance-electrifiee-repond-a-lefficacite\/#primaryimage\"},\"image\":{\"@id\":\"https:\/\/www.automobiles-caveng.ch\/mercedes-benz\/2026\/04\/02\/la-nouvelle-mercedes-amg-gle-53-la-performance-electrifiee-repond-a-lefficacite\/#primaryimage\"},\"thumbnailUrl\":\"https:\/\/www.automobiles-caveng.ch\/mercedes-benz\/wp-content\/uploads\/2026\/04\/800_mercedes-amg_gle53_01.jpg\",\"datePublished\":\"2026-04-02T13:06:15+00:00\",\"dateModified\":\"2026-04-02T13:08:13+00:00\",\"author\":{\"@id\":\"https:\/\/www.automobiles-caveng.ch\/mercedes-benz\/#\/schema\/person\/85c4d5bc45cdfae1d9285de36dbdc9da\"},\"breadcrumb\":{\"@id\":\"https:\/\/www.automobiles-caveng.ch\/mercedes-benz\/2026\/04\/02\/la-nouvelle-mercedes-amg-gle-53-la-performance-electrifiee-repond-a-lefficacite\/#breadcrumb\"},\"inLanguage\":\"fr-FR\",\"potentialAction\":[{\"@type\":\"ReadAction\",\"target\":[\"https:\/\/www.automobiles-caveng.ch\/mercedes-benz\/2026\/04\/02\/la-nouvelle-mercedes-amg-gle-53-la-performance-electrifiee-repond-a-lefficacite\/\"]}]},{\"@type\":\"ImageObject\",\"inLanguage\":\"fr-FR\",\"@id\":\"https:\/\/www.automobiles-caveng.ch\/mercedes-benz\/2026\/04\/02\/la-nouvelle-mercedes-amg-gle-53-la-performance-electrifiee-repond-a-lefficacite\/#primaryimage\",\"url\":\"https:\/\/www.automobiles-caveng.ch\/mercedes-benz\/wp-content\/uploads\/2026\/04\/800_mercedes-amg_gle53_01.jpg\",\"contentUrl\":\"https:\/\/www.automobiles-caveng.ch\/mercedes-benz\/wp-content\/uploads\/2026\/04\/800_mercedes-amg_gle53_01.jpg\",\"width\":800,\"height\":533},{\"@type\":\"BreadcrumbList\",\"@id\":\"https:\/\/www.automobiles-caveng.ch\/mercedes-benz\/2026\/04\/02\/la-nouvelle-mercedes-amg-gle-53-la-performance-electrifiee-repond-a-lefficacite\/#breadcrumb\",\"itemListElement\":[{\"@type\":\"ListItem\",\"position\":1,\"name\":\"Accueil\",\"item\":\"https:\/\/www.automobiles-caveng.ch\/mercedes-benz\/\"},{\"@type\":\"ListItem\",\"position\":2,\"name\":\"La nouvelle Mercedes-AMG GLE 53. La performance \u00e9lectrifi\u00e9e r\u00e9pond \u00e0 l&rsquo;efficacit\u00e9.\"}]},{\"@type\":\"WebSite\",\"@id\":\"https:\/\/www.automobiles-caveng.ch\/mercedes-benz\/#website\",\"url\":\"https:\/\/www.automobiles-caveng.ch\/mercedes-benz\/\",\"name\":\"Automobiles Caveng Mercedes-Benz Gen\u00e8ve\",\"description\":\"\",\"potentialAction\":[{\"@type\":\"SearchAction\",\"target\":{\"@type\":\"EntryPoint\",\"urlTemplate\":\"https:\/\/www.automobiles-caveng.ch\/mercedes-benz\/?s={search_term_string}\"},\"query-input\":{\"@type\":\"PropertyValueSpecification\",\"valueRequired\":true,\"valueName\":\"search_term_string\"}}],\"inLanguage\":\"fr-FR\"},{\"@type\":\"Person\",\"@id\":\"https:\/\/www.automobiles-caveng.ch\/mercedes-benz\/#\/schema\/person\/85c4d5bc45cdfae1d9285de36dbdc9da\",\"name\":\"lips75\",\"image\":{\"@type\":\"ImageObject\",\"inLanguage\":\"fr-FR\",\"@id\":\"https:\/\/www.automobiles-caveng.ch\/mercedes-benz\/#\/schema\/person\/image\/\",\"url\":\"https:\/\/secure.gravatar.com\/avatar\/af8ed608e6c9d12b6b7297125267dadff7ecc1e498a8c4b2f928744873b26abc?s=96&d=mm&r=g\",\"contentUrl\":\"https:\/\/secure.gravatar.com\/avatar\/af8ed608e6c9d12b6b7297125267dadff7ecc1e498a8c4b2f928744873b26abc?s=96&d=mm&r=g\",\"caption\":\"lips75\"},\"sameAs\":[\"https:\/\/automobiles-caveng.ch\/mercedes-benz\/new\"]}]}<\/script>\n<!-- \/ Yoast SEO plugin. -->","yoast_head_json":{"title":"La nouvelle Mercedes-AMG GLE 53. La performance \u00e9lectrifi\u00e9e r\u00e9pond \u00e0 l'efficacit\u00e9. | Automobiles Caveng Mercedes-Benz Gen\u00e8ve","robots":{"index":"index","follow":"follow","max-snippet":"max-snippet:-1","max-image-preview":"max-image-preview:large","max-video-preview":"max-video-preview:-1"},"canonical":"https:\/\/www.automobiles-caveng.ch\/mercedes-benz\/2026\/04\/02\/la-nouvelle-mercedes-amg-gle-53-la-performance-electrifiee-repond-a-lefficacite\/","og_locale":"fr_FR","og_type":"article","og_title":"La nouvelle Mercedes-AMG GLE 53. La performance \u00e9lectrifi\u00e9e r\u00e9pond \u00e0 l'efficacit\u00e9. | Automobiles Caveng Mercedes-Benz Gen\u00e8ve","og_description":"Mercedes-AMG a d\u00e9velopp\u00e9 de mani\u00e8re globale sa famille GLE 53 et l&rsquo;a mis \u00e0 jour avec une technologie de pointe. La mise \u00e0 jour optique donne aux nouveaux mod\u00e8les une pr\u00e9sence plus expressive. La section avant r\u00e9vis\u00e9e impressionne par une garniture de radiateur modifi\u00e9e, sp\u00e9cifique \u00e0 l&rsquo;AMG, des prises d&rsquo;air repens\u00e9es et un \u00e9clairage LED [&hellip;]","og_url":"https:\/\/www.automobiles-caveng.ch\/mercedes-benz\/2026\/04\/02\/la-nouvelle-mercedes-amg-gle-53-la-performance-electrifiee-repond-a-lefficacite\/","og_site_name":"Automobiles Caveng Mercedes-Benz Gen\u00e8ve","article_publisher":"https:\/\/www.facebook.com\/mercedesbenzcaveng","article_published_time":"2026-04-02T13:06:15+00:00","article_modified_time":"2026-04-02T13:08:13+00:00","og_image":[{"width":800,"height":533,"url":"https:\/\/www.automobiles-caveng.ch\/mercedes-benz\/wp-content\/uploads\/2026\/04\/800_mercedes-amg_gle53_01.jpg","type":"image\/jpeg"}],"author":"lips75","twitter_card":"summary_large_image","twitter_misc":{"\u00c9crit par":"lips75","Dur\u00e9e de lecture estim\u00e9e":"3 minutes"},"schema":{"@context":"https:\/\/schema.org","@graph":[{"@type":"WebPage","@id":"https:\/\/www.automobiles-caveng.ch\/mercedes-benz\/2026\/04\/02\/la-nouvelle-mercedes-amg-gle-53-la-performance-electrifiee-repond-a-lefficacite\/","url":"https:\/\/www.automobiles-caveng.ch\/mercedes-benz\/2026\/04\/02\/la-nouvelle-mercedes-amg-gle-53-la-performance-electrifiee-repond-a-lefficacite\/","name":"La nouvelle Mercedes-AMG GLE 53. La performance \u00e9lectrifi\u00e9e r\u00e9pond \u00e0 l'efficacit\u00e9. | Automobiles Caveng Mercedes-Benz Gen\u00e8ve","isPartOf":{"@id":"https:\/\/www.automobiles-caveng.ch\/mercedes-benz\/#website"},"primaryImageOfPage":{"@id":"https:\/\/www.automobiles-caveng.ch\/mercedes-benz\/2026\/04\/02\/la-nouvelle-mercedes-amg-gle-53-la-performance-electrifiee-repond-a-lefficacite\/#primaryimage"},"image":{"@id":"https:\/\/www.automobiles-caveng.ch\/mercedes-benz\/2026\/04\/02\/la-nouvelle-mercedes-amg-gle-53-la-performance-electrifiee-repond-a-lefficacite\/#primaryimage"},"thumbnailUrl":"https:\/\/www.automobiles-caveng.ch\/mercedes-benz\/wp-content\/uploads\/2026\/04\/800_mercedes-amg_gle53_01.jpg","datePublished":"2026-04-02T13:06:15+00:00","dateModified":"2026-04-02T13:08:13+00:00","author":{"@id":"https:\/\/www.automobiles-caveng.ch\/mercedes-benz\/#\/schema\/person\/85c4d5bc45cdfae1d9285de36dbdc9da"},"breadcrumb":{"@id":"https:\/\/www.automobiles-caveng.ch\/mercedes-benz\/2026\/04\/02\/la-nouvelle-mercedes-amg-gle-53-la-performance-electrifiee-repond-a-lefficacite\/#breadcrumb"},"inLanguage":"fr-FR","potentialAction":[{"@type":"ReadAction","target":["https:\/\/www.automobiles-caveng.ch\/mercedes-benz\/2026\/04\/02\/la-nouvelle-mercedes-amg-gle-53-la-performance-electrifiee-repond-a-lefficacite\/"]}]},{"@type":"ImageObject","inLanguage":"fr-FR","@id":"https:\/\/www.automobiles-caveng.ch\/mercedes-benz\/2026\/04\/02\/la-nouvelle-mercedes-amg-gle-53-la-performance-electrifiee-repond-a-lefficacite\/#primaryimage","url":"https:\/\/www.automobiles-caveng.ch\/mercedes-benz\/wp-content\/uploads\/2026\/04\/800_mercedes-amg_gle53_01.jpg","contentUrl":"https:\/\/www.automobiles-caveng.ch\/mercedes-benz\/wp-content\/uploads\/2026\/04\/800_mercedes-amg_gle53_01.jpg","width":800,"height":533},{"@type":"BreadcrumbList","@id":"https:\/\/www.automobiles-caveng.ch\/mercedes-benz\/2026\/04\/02\/la-nouvelle-mercedes-amg-gle-53-la-performance-electrifiee-repond-a-lefficacite\/#breadcrumb","itemListElement":[{"@type":"ListItem","position":1,"name":"Accueil","item":"https:\/\/www.automobiles-caveng.ch\/mercedes-benz\/"},{"@type":"ListItem","position":2,"name":"La nouvelle Mercedes-AMG GLE 53. La performance \u00e9lectrifi\u00e9e r\u00e9pond \u00e0 l&rsquo;efficacit\u00e9."}]},{"@type":"WebSite","@id":"https:\/\/www.automobiles-caveng.ch\/mercedes-benz\/#website","url":"https:\/\/www.automobiles-caveng.ch\/mercedes-benz\/","name":"Automobiles Caveng Mercedes-Benz Gen\u00e8ve","description":"","potentialAction":[{"@type":"SearchAction","target":{"@type":"EntryPoint","urlTemplate":"https:\/\/www.automobiles-caveng.ch\/mercedes-benz\/?s={search_term_string}"},"query-input":{"@type":"PropertyValueSpecification","valueRequired":true,"valueName":"search_term_string"}}],"inLanguage":"fr-FR"},{"@type":"Person","@id":"https:\/\/www.automobiles-caveng.ch\/mercedes-benz\/#\/schema\/person\/85c4d5bc45cdfae1d9285de36dbdc9da","name":"lips75","image":{"@type":"ImageObject","inLanguage":"fr-FR","@id":"https:\/\/www.automobiles-caveng.ch\/mercedes-benz\/#\/schema\/person\/image\/","url":"https:\/\/secure.gravatar.com\/avatar\/af8ed608e6c9d12b6b7297125267dadff7ecc1e498a8c4b2f928744873b26abc?s=96&d=mm&r=g","contentUrl":"https:\/\/secure.gravatar.com\/avatar\/af8ed608e6c9d12b6b7297125267dadff7ecc1e498a8c4b2f928744873b26abc?s=96&d=mm&r=g","caption":"lips75"},"sameAs":["https:\/\/automobiles-caveng.ch\/mercedes-benz\/new"]}]}},"_links":{"self":[{"href":"https:\/\/www.automobiles-caveng.ch\/mercedes-benz\/wp-json\/wp\/v2\/posts\/13912","targetHints":{"allow":["GET"]}}],"collection":[{"href":"https:\/\/www.automobiles-caveng.ch\/mercedes-benz\/wp-json\/wp\/v2\/posts"}],"about":[{"href":"https:\/\/www.automobiles-caveng.ch\/mercedes-benz\/wp-json\/wp\/v2\/types\/post"}],"author":[{"embeddable":true,"href":"https:\/\/www.automobiles-caveng.ch\/mercedes-benz\/wp-json\/wp\/v2\/users\/1"}],"replies":[{"embeddable":true,"href":"https:\/\/www.automobiles-caveng.ch\/mercedes-benz\/wp-json\/wp\/v2\/comments?post=13912"}],"version-history":[{"count":4,"href":"https:\/\/www.automobiles-caveng.ch\/mercedes-benz\/wp-json\/wp\/v2\/posts\/13912\/revisions"}],"predecessor-version":[{"id":13930,"href":"https:\/\/www.automobiles-caveng.ch\/mercedes-benz\/wp-json\/wp\/v2\/posts\/13912\/revisions\/13930"}],"wp:featuredmedia":[{"embeddable":true,"href":"https:\/\/www.automobiles-caveng.ch\/mercedes-benz\/wp-json\/wp\/v2\/media\/13913"}],"wp:attachment":[{"href":"https:\/\/www.automobiles-caveng.ch\/mercedes-benz\/wp-json\/wp\/v2\/media?parent=13912"}],"wp:term":[{"taxonomy":"category","embeddable":true,"href":"https:\/\/www.automobiles-caveng.ch\/mercedes-benz\/wp-json\/wp\/v2\/categories?post=13912"},{"taxonomy":"post_tag","embeddable":true,"href":"https:\/\/www.automobiles-caveng.ch\/mercedes-benz\/wp-json\/wp\/v2\/tags?post=13912"}],"curies":[{"name":"wp","href":"https:\/\/api.w.org\/{rel}","templated":true}]}}