{"id":10870,"date":"2024-04-24T12:23:40","date_gmt":"2024-04-24T10:23:40","guid":{"rendered":"https:\/\/www.automobiles-caveng.ch\/mercedes-benz\/?p=10870"},"modified":"2025-03-11T17:12:51","modified_gmt":"2025-03-11T16:12:51","slug":"le-nouveau-gelandewagen-electrifie","status":"publish","type":"post","link":"https:\/\/www.automobiles-caveng.ch\/mercedes-benz\/2024\/04\/24\/le-nouveau-gelandewagen-electrifie\/","title":{"rendered":"Le nouveau GEL\u00c4NDEWAGEN dot\u00e9e de la technologie EQ."},"content":{"rendered":"\t\t<div data-elementor-type=\"wp-post\" data-elementor-id=\"10870\" class=\"elementor elementor-10870\">\n\t\t\t\t\t\t<section class=\"has_eae_slider elementor-section elementor-top-section elementor-element elementor-element-57e57a8 elementor-section-full_width elementor-section-height-default elementor-section-height-default\" data-eae-slider=\"33341\" data-id=\"57e57a8\" data-element_type=\"section\" data-e-type=\"section\">\n\t\t\t\t\t\t<div class=\"elementor-container elementor-column-gap-default\">\n\t\t\t\t\t<div class=\"has_eae_slider elementor-column elementor-col-100 elementor-top-column elementor-element elementor-element-6a40446\" data-eae-slider=\"61057\" data-id=\"6a40446\" data-element_type=\"column\" data-e-type=\"column\">\n\t\t\t<div class=\"elementor-widget-wrap elementor-element-populated\">\n\t\t\t\t\t\t<div class=\"elementor-element elementor-element-135d5b0 elementor-widget elementor-widget-text-editor\" data-id=\"135d5b0\" data-element_type=\"widget\" data-e-type=\"widget\" data-widget_type=\"text-editor.default\">\n\t\t\t\t<div class=\"elementor-widget-container\">\n\t\t\t\t\t\t\t\t\t<p style=\"text-align: justify;\"><span style=\"color: #000000;\"><strong>Avec la toute nouvelle Mercedes-Benz G 580 dot\u00e9e de la technologie EQ, la marque \u00e0 l&rsquo;\u00e9toile pr\u00e9sente la premi\u00e8re variante enti\u00e8rement \u00e9lectrique de son ic\u00f4ne tout-terrain. Elle symbolise la fusion de la tradition et du progr\u00e8s comme aucune autre.\u00a0<\/strong><\/span><\/p><p style=\"text-align: justify;\"><span style=\"color: #000000;\">La toute nouvelle Classe G \u00e9lectrique reste fid\u00e8le au caract\u00e8re du mod\u00e8le, conservant sa silhouette anguleuse et tous ses \u00e9l\u00e9ments embl\u00e9matiques. Comme les versions \u00e0 moteur conventionnel, sa carrosserie repose sur un ch\u00e2ssis en \u00e9chelle. L&rsquo;\u00e9quipe de d\u00e9veloppement a modifi\u00e9 et renforc\u00e9 ce cadre pour y int\u00e9grer la motorisation \u00e9lectrique. La combinaison d&rsquo;une suspension avant ind\u00e9pendante \u00e0 double triangulation et d&rsquo;un essieu arri\u00e8re rigide nouvellement d\u00e9velopp\u00e9 a \u00e9galement \u00e9t\u00e9 conserv\u00e9e.\u00a0<\/span><\/p><p style=\"text-align: justify;\"><span style=\"color: #000000;\">La batterie lithium-ion haute tension int\u00e9gr\u00e9e dans le cadre en \u00e9chelle garantit un centre de gravit\u00e9 bas. Avec sa capacit\u00e9 utilisable de 116 kWh, elle fournit suffisamment d&rsquo;\u00e9nergie pour des autonomies allant jusqu&rsquo;\u00e0 473 kilom\u00e8tres selon la norme WLTP.<\/span><\/p><p><span style=\"color: #000000;\">Les ventes de la nouvelle Classe G \u00e9lectrique devraient d\u00e9marrer en Suisse fin avril.<\/span><\/p>\t\t\t\t\t\t\t\t<\/div>\n\t\t\t\t<\/div>\n\t\t\t\t<div class=\"elementor-element elementor-element-2bf499b gallery-spacing-custom elementor-widget elementor-widget-image-gallery\" data-id=\"2bf499b\" data-element_type=\"widget\" data-e-type=\"widget\" data-widget_type=\"image-gallery.default\">\n\t\t\t\t<div class=\"elementor-widget-container\">\n\t\t\t\t\t\t\t<div class=\"elementor-image-gallery\">\n\t\t\t\n\t\t<style type=\"text\/css\">\n\t\t\t#gallery-1 {\n\t\t\t\tmargin: auto;\n\t\t\t}\n\t\t\t#gallery-1 .gallery-item {\n\t\t\t\tfloat: left;\n\t\t\t\tmargin-top: 10px;\n\t\t\t\ttext-align: center;\n\t\t\t\twidth: 25%;\n\t\t\t}\n\t\t\t#gallery-1 img {\n\t\t\t\tborder: 2px solid #cfcfcf;\n\t\t\t}\n\t\t\t#gallery-1 .gallery-caption {\n\t\t\t\tmargin-left: 0;\n\t\t\t}\n\t\t\t\/* see gallery_shortcode() in wp-includes\/media.php *\/\n\t\t<\/style>\n\t\t<div id='gallery-1' class='gallery galleryid-10870 gallery-columns-4 gallery-size-qi_addons_for_elementor_image_size_square'><dl class='gallery-item'>\n\t\t\t<dt class='gallery-icon landscape'>\n\t\t\t\t<a data-elementor-open-lightbox=\"yes\" data-elementor-lightbox-slideshow=\"2bf499b\" data-elementor-lightbox-title=\"Mercedes-Benz G580\" data-e-action-hash=\"#elementor-action%3Aaction%3Dlightbox%26settings%3DeyJpZCI6MTA4NzQsInVybCI6Imh0dHBzOlwvXC93d3cuYXV0b21vYmlsZXMtY2F2ZW5nLmNoXC9tZXJjZWRlcy1iZW56XC93cC1jb250ZW50XC91cGxvYWRzXC8yMDI0XC8wNFwvMjRjMDA3Ni0wMDkuanBnIiwic2xpZGVzaG93IjoiMmJmNDk5YiJ9\" href='https:\/\/www.automobiles-caveng.ch\/mercedes-benz\/wp-content\/uploads\/2024\/04\/24c0076-009.jpg'><img fetchpriority=\"high\" decoding=\"async\" width=\"650\" height=\"641\" src=\"https:\/\/www.automobiles-caveng.ch\/mercedes-benz\/wp-content\/uploads\/2024\/04\/24c0076-009-650x641.jpg\" class=\"attachment-qi_addons_for_elementor_image_size_square size-qi_addons_for_elementor_image_size_square\" alt=\"\" \/><\/a>\n\t\t\t<\/dt><\/dl><dl class='gallery-item'>\n\t\t\t<dt class='gallery-icon landscape'>\n\t\t\t\t<a data-elementor-open-lightbox=\"yes\" data-elementor-lightbox-slideshow=\"2bf499b\" data-elementor-lightbox-title=\"Mercedes-Benz G580\" data-e-action-hash=\"#elementor-action%3Aaction%3Dlightbox%26settings%3DeyJpZCI6MTA4NzYsInVybCI6Imh0dHBzOlwvXC93d3cuYXV0b21vYmlsZXMtY2F2ZW5nLmNoXC9tZXJjZWRlcy1iZW56XC93cC1jb250ZW50XC91cGxvYWRzXC8yMDI0XC8wNFwvMjRjMDA3Ni0wMTMuanBnIiwic2xpZGVzaG93IjoiMmJmNDk5YiJ9\" href='https:\/\/www.automobiles-caveng.ch\/mercedes-benz\/wp-content\/uploads\/2024\/04\/24c0076-013.jpg'><img decoding=\"async\" width=\"650\" height=\"641\" src=\"https:\/\/www.automobiles-caveng.ch\/mercedes-benz\/wp-content\/uploads\/2024\/04\/24c0076-013-650x641.jpg\" class=\"attachment-qi_addons_for_elementor_image_size_square size-qi_addons_for_elementor_image_size_square\" alt=\"\" \/><\/a>\n\t\t\t<\/dt><\/dl><dl class='gallery-item'>\n\t\t\t<dt class='gallery-icon landscape'>\n\t\t\t\t<a data-elementor-open-lightbox=\"yes\" data-elementor-lightbox-slideshow=\"2bf499b\" data-elementor-lightbox-title=\"Mercedes-Benz G580\" data-e-action-hash=\"#elementor-action%3Aaction%3Dlightbox%26settings%3DeyJpZCI6MTA4NzgsInVybCI6Imh0dHBzOlwvXC93d3cuYXV0b21vYmlsZXMtY2F2ZW5nLmNoXC9tZXJjZWRlcy1iZW56XC93cC1jb250ZW50XC91cGxvYWRzXC8yMDI0XC8wNFwvMjRjMDA3Ni0wMTYuanBnIiwic2xpZGVzaG93IjoiMmJmNDk5YiJ9\" href='https:\/\/www.automobiles-caveng.ch\/mercedes-benz\/wp-content\/uploads\/2024\/04\/24c0076-016.jpg'><img decoding=\"async\" width=\"650\" height=\"641\" src=\"https:\/\/www.automobiles-caveng.ch\/mercedes-benz\/wp-content\/uploads\/2024\/04\/24c0076-016-650x641.jpg\" class=\"attachment-qi_addons_for_elementor_image_size_square size-qi_addons_for_elementor_image_size_square\" alt=\"\" \/><\/a>\n\t\t\t<\/dt><\/dl><dl class='gallery-item'>\n\t\t\t<dt class='gallery-icon landscape'>\n\t\t\t\t<a data-elementor-open-lightbox=\"yes\" data-elementor-lightbox-slideshow=\"2bf499b\" data-elementor-lightbox-title=\"Mercedes-Benz G580\" data-e-action-hash=\"#elementor-action%3Aaction%3Dlightbox%26settings%3DeyJpZCI6MTA4ODAsInVybCI6Imh0dHBzOlwvXC93d3cuYXV0b21vYmlsZXMtY2F2ZW5nLmNoXC9tZXJjZWRlcy1iZW56XC93cC1jb250ZW50XC91cGxvYWRzXC8yMDI0XC8wNFwvMjRjMDA3Ni0wMTguanBnIiwic2xpZGVzaG93IjoiMmJmNDk5YiJ9\" href='https:\/\/www.automobiles-caveng.ch\/mercedes-benz\/wp-content\/uploads\/2024\/04\/24c0076-018.jpg'><img loading=\"lazy\" decoding=\"async\" width=\"650\" height=\"641\" src=\"https:\/\/www.automobiles-caveng.ch\/mercedes-benz\/wp-content\/uploads\/2024\/04\/24c0076-018-650x641.jpg\" class=\"attachment-qi_addons_for_elementor_image_size_square size-qi_addons_for_elementor_image_size_square\" alt=\"\" \/><\/a>\n\t\t\t<\/dt><\/dl><br style=\"clear: both\" \/><dl class='gallery-item'>\n\t\t\t<dt class='gallery-icon landscape'>\n\t\t\t\t<a data-elementor-open-lightbox=\"yes\" data-elementor-lightbox-slideshow=\"2bf499b\" data-elementor-lightbox-title=\"Mercedes-Benz G580\" data-e-action-hash=\"#elementor-action%3Aaction%3Dlightbox%26settings%3DeyJpZCI6MTA4ODIsInVybCI6Imh0dHBzOlwvXC93d3cuYXV0b21vYmlsZXMtY2F2ZW5nLmNoXC9tZXJjZWRlcy1iZW56XC93cC1jb250ZW50XC91cGxvYWRzXC8yMDI0XC8wNFwvMjRjMDA3Ni0wMjUuanBnIiwic2xpZGVzaG93IjoiMmJmNDk5YiJ9\" href='https:\/\/www.automobiles-caveng.ch\/mercedes-benz\/wp-content\/uploads\/2024\/04\/24c0076-025.jpg'><img loading=\"lazy\" decoding=\"async\" width=\"650\" height=\"641\" src=\"https:\/\/www.automobiles-caveng.ch\/mercedes-benz\/wp-content\/uploads\/2024\/04\/24c0076-025-650x641.jpg\" class=\"attachment-qi_addons_for_elementor_image_size_square size-qi_addons_for_elementor_image_size_square\" alt=\"\" \/><\/a>\n\t\t\t<\/dt><\/dl><dl class='gallery-item'>\n\t\t\t<dt class='gallery-icon landscape'>\n\t\t\t\t<a data-elementor-open-lightbox=\"yes\" data-elementor-lightbox-slideshow=\"2bf499b\" data-elementor-lightbox-title=\"Mercedes-Benz G580\" data-e-action-hash=\"#elementor-action%3Aaction%3Dlightbox%26settings%3DeyJpZCI6MTA4ODQsInVybCI6Imh0dHBzOlwvXC93d3cuYXV0b21vYmlsZXMtY2F2ZW5nLmNoXC9tZXJjZWRlcy1iZW56XC93cC1jb250ZW50XC91cGxvYWRzXC8yMDI0XC8wNFwvMjRjMDA3Ni0wMjYuanBnIiwic2xpZGVzaG93IjoiMmJmNDk5YiJ9\" href='https:\/\/www.automobiles-caveng.ch\/mercedes-benz\/wp-content\/uploads\/2024\/04\/24c0076-026.jpg'><img loading=\"lazy\" decoding=\"async\" width=\"650\" height=\"641\" src=\"https:\/\/www.automobiles-caveng.ch\/mercedes-benz\/wp-content\/uploads\/2024\/04\/24c0076-026-650x641.jpg\" class=\"attachment-qi_addons_for_elementor_image_size_square size-qi_addons_for_elementor_image_size_square\" alt=\"\" \/><\/a>\n\t\t\t<\/dt><\/dl><dl class='gallery-item'>\n\t\t\t<dt class='gallery-icon landscape'>\n\t\t\t\t<a data-elementor-open-lightbox=\"yes\" data-elementor-lightbox-slideshow=\"2bf499b\" data-elementor-lightbox-title=\"Mercedes-Benz G580\" data-e-action-hash=\"#elementor-action%3Aaction%3Dlightbox%26settings%3DeyJpZCI6MTA4ODYsInVybCI6Imh0dHBzOlwvXC93d3cuYXV0b21vYmlsZXMtY2F2ZW5nLmNoXC9tZXJjZWRlcy1iZW56XC93cC1jb250ZW50XC91cGxvYWRzXC8yMDI0XC8wNFwvMjRjMDA3Ni0wMjkuanBnIiwic2xpZGVzaG93IjoiMmJmNDk5YiJ9\" href='https:\/\/www.automobiles-caveng.ch\/mercedes-benz\/wp-content\/uploads\/2024\/04\/24c0076-029.jpg'><img loading=\"lazy\" decoding=\"async\" width=\"650\" height=\"641\" src=\"https:\/\/www.automobiles-caveng.ch\/mercedes-benz\/wp-content\/uploads\/2024\/04\/24c0076-029-650x641.jpg\" class=\"attachment-qi_addons_for_elementor_image_size_square size-qi_addons_for_elementor_image_size_square\" alt=\"\" \/><\/a>\n\t\t\t<\/dt><\/dl>\n\t\t\t<br style='clear: both' \/>\n\t\t<\/div>\n\t\t<\/div>\n\t\t\t\t\t\t<\/div>\n\t\t\t\t<\/div>\n\t\t\t\t\t<\/div>\n\t\t<\/div>\n\t\t\t\t\t<\/div>\n\t\t<\/section>\n\t\t<div class=\"has_eae_slider elementor-element elementor-element-bea7320 e-flex e-con-boxed e-con e-parent\" data-eae-slider=\"74512\" data-id=\"bea7320\" data-element_type=\"container\" data-e-type=\"container\">\n\t\t\t\t\t<div class=\"e-con-inner\">\n\t\t\t\t<div class=\"elementor-element elementor-element-612a101 elementor-widget elementor-widget-luxedrive_core_social_share\" data-id=\"612a101\" data-element_type=\"widget\" data-e-type=\"widget\" data-widget_type=\"luxedrive_core_social_share.default\">\n\t\t\t\t<div class=\"elementor-widget-container\">\n\t\t\t\t\t<div class=\"qodef-shortcode qodef-m qodef-social-share clear qodef-layout--dropdown qodef-dropdown--bottom\">\n\t<a class=\"qodef-social-share-dropdown-opener\" href=\"javascript:void(0)\">\n\t\t<span class=\"qodef-social-title qodef-custom-label\">Partager cet article <\/span>\n\t\t<svg class=\"qodef-svg--social-share qodef-e-social-share-icon\" xmlns=\"http:\/\/www.w3.org\/2000\/svg\" width=\"32.0019989\" height=\"32\" viewBox=\"0 0 32.00199890136719 32\"><path d=\"M23.586 9.444c.88.666 1.972 1.064 3.16 1.064 2.902 0 5.254-2.352 5.254-5.254C32 2.352 29.648 0 26.746 0c-2.9 0-5.254 2.352-5.254 5.254v.004l-12.968 6.27c-.898-.716-2.034-1.148-3.27-1.148C2.352 10.38 0 12.734 0 15.634s2.352 5.254 5.254 5.254c1.048 0 2.024-.312 2.844-.84l13.396 6.476v.004c0 2.902 2.352 5.254 5.254 5.254 2.902 0 5.254-2.352 5.254-5.254 0-2.902-2.352-5.254-5.254-5.254-1.188 0-2.28.398-3.16 1.064l-13.1-6.332c.006-.08.01-.158.012-.238l13.086-6.324z\"\/><\/svg>\t<\/a>\n\t<div class=\"qodef-social-share-dropdown\">\n\t\t<ul class=\"qodef-shortcode-list\">\n\t\t\t<li class=\"qodef-facebook-share\">\n\t<a itemprop=\"url\" class=\"qodef-share-link\" href=\"#\" onclick=\"window.open(&#039;https:\/\/www.facebook.com\/sharer.php?u=https%3A%2F%2Fwww.automobiles-caveng.ch%2Fmercedes-benz%2F2024%2F04%2F24%2Fle-nouveau-gelandewagen-electrifie%2F&#039;, &#039;sharer&#039;, &#039;toolbar=0,status=0,width=620,height=280&#039;);\">\n\t\t\t\t\t<span class=\"qodef-icon-font-awesome fab fa-facebook-square qodef-social-network-icon\" ><\/span>\t\t\t<\/a>\n<\/li>\n<li class=\"qodef-linkedin-share\">\n\t<a itemprop=\"url\" class=\"qodef-share-link\" href=\"#\" onclick=\"popUp=window.open(&#039;https:\/\/www.linkedin.com\/sharing\/share-offsite?url==https%3A%2F%2Fwww.automobiles-caveng.ch%2Fmercedes-benz%2F2024%2F04%2F24%2Fle-nouveau-gelandewagen-electrifie%2F&amp;title=Le+nouveau+GEL%C3%84NDEWAGEN+dot%C3%A9e+de+la+technologie+EQ.&#039;, &#039;popupwindow&#039;, &#039;scrollbars=yes,width=800,height=400&#039;);popUp.focus();return false;\">\n\t\t\t\t\t<span class=\"qodef-icon-font-awesome fab fa-linkedin qodef-social-network-icon\" ><\/span>\t\t\t<\/a>\n<\/li>\n\t\t<\/ul>\n\t<\/div>\n<\/div>\n\t\t\t\t<\/div>\n\t\t\t\t<\/div>\n\t\t\t\t\t<\/div>\n\t\t\t\t<\/div>\n\t\t\t\t<\/div>\n\t\t","protected":false},"excerpt":{"rendered":"<p>Avec la toute nouvelle Mercedes-Benz G 580 dot\u00e9e de la technologie EQ, la marque \u00e0 l&rsquo;\u00e9toile pr\u00e9sente la premi\u00e8re variante enti\u00e8rement \u00e9lectrique de son ic\u00f4ne tout-terrain. Elle symbolise la fusion de la tradition et du progr\u00e8s comme aucune autre.\u00a0 La toute nouvelle Classe G \u00e9lectrique reste fid\u00e8le au caract\u00e8re du mod\u00e8le, conservant sa silhouette anguleuse [&hellip;]<\/p>\n","protected":false},"author":1,"featured_media":10871,"comment_status":"closed","ping_status":"closed","sticky":false,"template":"","format":"standard","meta":{"footnotes":""},"categories":[1],"tags":[],"class_list":["post-10870","post","type-post","status-publish","format-standard","has-post-thumbnail","hentry","category-non-classifiee"],"yoast_head":"<!-- This site is optimized with the Yoast SEO plugin v26.3 - https:\/\/yoast.com\/wordpress\/plugins\/seo\/ -->\n<title>Le nouveau GEL\u00c4NDEWAGEN dot\u00e9e de la technologie EQ. | Automobiles Caveng Mercedes-Benz Gen\u00e8ve<\/title>\n<meta name=\"robots\" content=\"index, follow, max-snippet:-1, max-image-preview:large, max-video-preview:-1\" \/>\n<link rel=\"canonical\" href=\"https:\/\/www.automobiles-caveng.ch\/mercedes-benz\/2024\/04\/24\/le-nouveau-gelandewagen-electrifie\/\" \/>\n<meta property=\"og:locale\" content=\"fr_FR\" \/>\n<meta property=\"og:type\" content=\"article\" \/>\n<meta property=\"og:title\" content=\"Le nouveau GEL\u00c4NDEWAGEN dot\u00e9e de la technologie EQ. | Automobiles Caveng Mercedes-Benz Gen\u00e8ve\" \/>\n<meta property=\"og:description\" content=\"Avec la toute nouvelle Mercedes-Benz G 580 dot\u00e9e de la technologie EQ, la marque \u00e0 l&rsquo;\u00e9toile pr\u00e9sente la premi\u00e8re variante enti\u00e8rement \u00e9lectrique de son ic\u00f4ne tout-terrain. Elle symbolise la fusion de la tradition et du progr\u00e8s comme aucune autre.\u00a0 La toute nouvelle Classe G \u00e9lectrique reste fid\u00e8le au caract\u00e8re du mod\u00e8le, conservant sa silhouette anguleuse [&hellip;]\" \/>\n<meta property=\"og:url\" content=\"https:\/\/www.automobiles-caveng.ch\/mercedes-benz\/2024\/04\/24\/le-nouveau-gelandewagen-electrifie\/\" \/>\n<meta property=\"og:site_name\" content=\"Automobiles Caveng Mercedes-Benz Gen\u00e8ve\" \/>\n<meta property=\"article:publisher\" content=\"https:\/\/www.facebook.com\/mercedesbenzcaveng\" \/>\n<meta property=\"article:published_time\" content=\"2024-04-24T10:23:40+00:00\" \/>\n<meta property=\"article:modified_time\" content=\"2025-03-11T16:12:51+00:00\" \/>\n<meta property=\"og:image\" content=\"https:\/\/www.automobiles-caveng.ch\/mercedes-benz\/wp-content\/uploads\/2024\/04\/24c0076-001.jpg\" \/>\n\t<meta property=\"og:image:width\" content=\"961\" \/>\n\t<meta property=\"og:image:height\" content=\"641\" \/>\n\t<meta property=\"og:image:type\" content=\"image\/jpeg\" \/>\n<meta name=\"author\" content=\"lips75\" \/>\n<meta name=\"twitter:card\" content=\"summary_large_image\" \/>\n<meta name=\"twitter:label1\" content=\"\u00c9crit par\" \/>\n\t<meta name=\"twitter:data1\" content=\"lips75\" \/>\n\t<meta name=\"twitter:label2\" content=\"Dur\u00e9e de lecture estim\u00e9e\" \/>\n\t<meta name=\"twitter:data2\" content=\"3 minutes\" \/>\n<script type=\"application\/ld+json\" class=\"yoast-schema-graph\">{\"@context\":\"https:\/\/schema.org\",\"@graph\":[{\"@type\":\"WebPage\",\"@id\":\"https:\/\/www.automobiles-caveng.ch\/mercedes-benz\/2024\/04\/24\/le-nouveau-gelandewagen-electrifie\/\",\"url\":\"https:\/\/www.automobiles-caveng.ch\/mercedes-benz\/2024\/04\/24\/le-nouveau-gelandewagen-electrifie\/\",\"name\":\"Le nouveau GEL\u00c4NDEWAGEN dot\u00e9e de la technologie EQ. | Automobiles Caveng Mercedes-Benz Gen\u00e8ve\",\"isPartOf\":{\"@id\":\"https:\/\/www.automobiles-caveng.ch\/mercedes-benz\/#website\"},\"primaryImageOfPage\":{\"@id\":\"https:\/\/www.automobiles-caveng.ch\/mercedes-benz\/2024\/04\/24\/le-nouveau-gelandewagen-electrifie\/#primaryimage\"},\"image\":{\"@id\":\"https:\/\/www.automobiles-caveng.ch\/mercedes-benz\/2024\/04\/24\/le-nouveau-gelandewagen-electrifie\/#primaryimage\"},\"thumbnailUrl\":\"https:\/\/www.automobiles-caveng.ch\/mercedes-benz\/wp-content\/uploads\/2024\/04\/24c0076-001.jpg\",\"datePublished\":\"2024-04-24T10:23:40+00:00\",\"dateModified\":\"2025-03-11T16:12:51+00:00\",\"author\":{\"@id\":\"https:\/\/www.automobiles-caveng.ch\/mercedes-benz\/#\/schema\/person\/85c4d5bc45cdfae1d9285de36dbdc9da\"},\"breadcrumb\":{\"@id\":\"https:\/\/www.automobiles-caveng.ch\/mercedes-benz\/2024\/04\/24\/le-nouveau-gelandewagen-electrifie\/#breadcrumb\"},\"inLanguage\":\"fr-FR\",\"potentialAction\":[{\"@type\":\"ReadAction\",\"target\":[\"https:\/\/www.automobiles-caveng.ch\/mercedes-benz\/2024\/04\/24\/le-nouveau-gelandewagen-electrifie\/\"]}]},{\"@type\":\"ImageObject\",\"inLanguage\":\"fr-FR\",\"@id\":\"https:\/\/www.automobiles-caveng.ch\/mercedes-benz\/2024\/04\/24\/le-nouveau-gelandewagen-electrifie\/#primaryimage\",\"url\":\"https:\/\/www.automobiles-caveng.ch\/mercedes-benz\/wp-content\/uploads\/2024\/04\/24c0076-001.jpg\",\"contentUrl\":\"https:\/\/www.automobiles-caveng.ch\/mercedes-benz\/wp-content\/uploads\/2024\/04\/24c0076-001.jpg\",\"width\":961,\"height\":641,\"caption\":\"Mercedes-Benz G580 mit EQ Technology, EDITION ONE, Exterior: MANUFAKTUR s\u00fcdseeblau magno, Interior: Leder Nappa silber pearl\/schwarz (Energieverbrauch kombiniert: 30,3-27,7 kWh\/100 km | CO2-Emissionen kombiniert: 0 g\/km | CO2-Klasse: A);(Energieverbrauch kombiniert: 30,3-27,7 kWh\/100 km | CO2-Emissionen kombiniert: 0 g\/km | CO2-Klasse: A) Mercedes-Benz G580 with EQ Technology, EDITION ONE, Exterior: MANUFAKTUR south see magno, Interior: Nappa Leather silver pearl \/ black (combined energy consumption: 30.3-27.7 kWh\/100 km | combined CO\u2082 emissions: 0 g\/km | CO\u2082 class: A);(combined energy consumption: 30.3-27.7 kWh\/100 km | combined CO\u2082 emissions: 0 g\/km | CO\u2082 class: A)\"},{\"@type\":\"BreadcrumbList\",\"@id\":\"https:\/\/www.automobiles-caveng.ch\/mercedes-benz\/2024\/04\/24\/le-nouveau-gelandewagen-electrifie\/#breadcrumb\",\"itemListElement\":[{\"@type\":\"ListItem\",\"position\":1,\"name\":\"Accueil\",\"item\":\"https:\/\/www.automobiles-caveng.ch\/mercedes-benz\/\"},{\"@type\":\"ListItem\",\"position\":2,\"name\":\"Le nouveau GEL\u00c4NDEWAGEN dot\u00e9e de la technologie EQ.\"}]},{\"@type\":\"WebSite\",\"@id\":\"https:\/\/www.automobiles-caveng.ch\/mercedes-benz\/#website\",\"url\":\"https:\/\/www.automobiles-caveng.ch\/mercedes-benz\/\",\"name\":\"Automobiles Caveng Mercedes-Benz Gen\u00e8ve\",\"description\":\"\",\"potentialAction\":[{\"@type\":\"SearchAction\",\"target\":{\"@type\":\"EntryPoint\",\"urlTemplate\":\"https:\/\/www.automobiles-caveng.ch\/mercedes-benz\/?s={search_term_string}\"},\"query-input\":{\"@type\":\"PropertyValueSpecification\",\"valueRequired\":true,\"valueName\":\"search_term_string\"}}],\"inLanguage\":\"fr-FR\"},{\"@type\":\"Person\",\"@id\":\"https:\/\/www.automobiles-caveng.ch\/mercedes-benz\/#\/schema\/person\/85c4d5bc45cdfae1d9285de36dbdc9da\",\"name\":\"lips75\",\"image\":{\"@type\":\"ImageObject\",\"inLanguage\":\"fr-FR\",\"@id\":\"https:\/\/www.automobiles-caveng.ch\/mercedes-benz\/#\/schema\/person\/image\/\",\"url\":\"https:\/\/secure.gravatar.com\/avatar\/af8ed608e6c9d12b6b7297125267dadff7ecc1e498a8c4b2f928744873b26abc?s=96&d=mm&r=g\",\"contentUrl\":\"https:\/\/secure.gravatar.com\/avatar\/af8ed608e6c9d12b6b7297125267dadff7ecc1e498a8c4b2f928744873b26abc?s=96&d=mm&r=g\",\"caption\":\"lips75\"},\"sameAs\":[\"https:\/\/automobiles-caveng.ch\/mercedes-benz\/new\"]}]}<\/script>\n<!-- \/ Yoast SEO plugin. -->","yoast_head_json":{"title":"Le nouveau GEL\u00c4NDEWAGEN dot\u00e9e de la technologie EQ. | Automobiles Caveng Mercedes-Benz Gen\u00e8ve","robots":{"index":"index","follow":"follow","max-snippet":"max-snippet:-1","max-image-preview":"max-image-preview:large","max-video-preview":"max-video-preview:-1"},"canonical":"https:\/\/www.automobiles-caveng.ch\/mercedes-benz\/2024\/04\/24\/le-nouveau-gelandewagen-electrifie\/","og_locale":"fr_FR","og_type":"article","og_title":"Le nouveau GEL\u00c4NDEWAGEN dot\u00e9e de la technologie EQ. | Automobiles Caveng Mercedes-Benz Gen\u00e8ve","og_description":"Avec la toute nouvelle Mercedes-Benz G 580 dot\u00e9e de la technologie EQ, la marque \u00e0 l&rsquo;\u00e9toile pr\u00e9sente la premi\u00e8re variante enti\u00e8rement \u00e9lectrique de son ic\u00f4ne tout-terrain. Elle symbolise la fusion de la tradition et du progr\u00e8s comme aucune autre.\u00a0 La toute nouvelle Classe G \u00e9lectrique reste fid\u00e8le au caract\u00e8re du mod\u00e8le, conservant sa silhouette anguleuse [&hellip;]","og_url":"https:\/\/www.automobiles-caveng.ch\/mercedes-benz\/2024\/04\/24\/le-nouveau-gelandewagen-electrifie\/","og_site_name":"Automobiles Caveng Mercedes-Benz Gen\u00e8ve","article_publisher":"https:\/\/www.facebook.com\/mercedesbenzcaveng","article_published_time":"2024-04-24T10:23:40+00:00","article_modified_time":"2025-03-11T16:12:51+00:00","og_image":[{"width":961,"height":641,"url":"https:\/\/www.automobiles-caveng.ch\/mercedes-benz\/wp-content\/uploads\/2024\/04\/24c0076-001.jpg","type":"image\/jpeg"}],"author":"lips75","twitter_card":"summary_large_image","twitter_misc":{"\u00c9crit par":"lips75","Dur\u00e9e de lecture estim\u00e9e":"3 minutes"},"schema":{"@context":"https:\/\/schema.org","@graph":[{"@type":"WebPage","@id":"https:\/\/www.automobiles-caveng.ch\/mercedes-benz\/2024\/04\/24\/le-nouveau-gelandewagen-electrifie\/","url":"https:\/\/www.automobiles-caveng.ch\/mercedes-benz\/2024\/04\/24\/le-nouveau-gelandewagen-electrifie\/","name":"Le nouveau GEL\u00c4NDEWAGEN dot\u00e9e de la technologie EQ. | Automobiles Caveng Mercedes-Benz Gen\u00e8ve","isPartOf":{"@id":"https:\/\/www.automobiles-caveng.ch\/mercedes-benz\/#website"},"primaryImageOfPage":{"@id":"https:\/\/www.automobiles-caveng.ch\/mercedes-benz\/2024\/04\/24\/le-nouveau-gelandewagen-electrifie\/#primaryimage"},"image":{"@id":"https:\/\/www.automobiles-caveng.ch\/mercedes-benz\/2024\/04\/24\/le-nouveau-gelandewagen-electrifie\/#primaryimage"},"thumbnailUrl":"https:\/\/www.automobiles-caveng.ch\/mercedes-benz\/wp-content\/uploads\/2024\/04\/24c0076-001.jpg","datePublished":"2024-04-24T10:23:40+00:00","dateModified":"2025-03-11T16:12:51+00:00","author":{"@id":"https:\/\/www.automobiles-caveng.ch\/mercedes-benz\/#\/schema\/person\/85c4d5bc45cdfae1d9285de36dbdc9da"},"breadcrumb":{"@id":"https:\/\/www.automobiles-caveng.ch\/mercedes-benz\/2024\/04\/24\/le-nouveau-gelandewagen-electrifie\/#breadcrumb"},"inLanguage":"fr-FR","potentialAction":[{"@type":"ReadAction","target":["https:\/\/www.automobiles-caveng.ch\/mercedes-benz\/2024\/04\/24\/le-nouveau-gelandewagen-electrifie\/"]}]},{"@type":"ImageObject","inLanguage":"fr-FR","@id":"https:\/\/www.automobiles-caveng.ch\/mercedes-benz\/2024\/04\/24\/le-nouveau-gelandewagen-electrifie\/#primaryimage","url":"https:\/\/www.automobiles-caveng.ch\/mercedes-benz\/wp-content\/uploads\/2024\/04\/24c0076-001.jpg","contentUrl":"https:\/\/www.automobiles-caveng.ch\/mercedes-benz\/wp-content\/uploads\/2024\/04\/24c0076-001.jpg","width":961,"height":641,"caption":"Mercedes-Benz G580 mit EQ Technology, EDITION ONE, Exterior: MANUFAKTUR s\u00fcdseeblau magno, Interior: Leder Nappa silber pearl\/schwarz (Energieverbrauch kombiniert: 30,3-27,7 kWh\/100 km | CO2-Emissionen kombiniert: 0 g\/km | CO2-Klasse: A);(Energieverbrauch kombiniert: 30,3-27,7 kWh\/100 km | CO2-Emissionen kombiniert: 0 g\/km | CO2-Klasse: A) Mercedes-Benz G580 with EQ Technology, EDITION ONE, Exterior: MANUFAKTUR south see magno, Interior: Nappa Leather silver pearl \/ black (combined energy consumption: 30.3-27.7 kWh\/100 km | combined CO\u2082 emissions: 0 g\/km | CO\u2082 class: A);(combined energy consumption: 30.3-27.7 kWh\/100 km | combined CO\u2082 emissions: 0 g\/km | CO\u2082 class: A)"},{"@type":"BreadcrumbList","@id":"https:\/\/www.automobiles-caveng.ch\/mercedes-benz\/2024\/04\/24\/le-nouveau-gelandewagen-electrifie\/#breadcrumb","itemListElement":[{"@type":"ListItem","position":1,"name":"Accueil","item":"https:\/\/www.automobiles-caveng.ch\/mercedes-benz\/"},{"@type":"ListItem","position":2,"name":"Le nouveau GEL\u00c4NDEWAGEN dot\u00e9e de la technologie EQ."}]},{"@type":"WebSite","@id":"https:\/\/www.automobiles-caveng.ch\/mercedes-benz\/#website","url":"https:\/\/www.automobiles-caveng.ch\/mercedes-benz\/","name":"Automobiles Caveng Mercedes-Benz Gen\u00e8ve","description":"","potentialAction":[{"@type":"SearchAction","target":{"@type":"EntryPoint","urlTemplate":"https:\/\/www.automobiles-caveng.ch\/mercedes-benz\/?s={search_term_string}"},"query-input":{"@type":"PropertyValueSpecification","valueRequired":true,"valueName":"search_term_string"}}],"inLanguage":"fr-FR"},{"@type":"Person","@id":"https:\/\/www.automobiles-caveng.ch\/mercedes-benz\/#\/schema\/person\/85c4d5bc45cdfae1d9285de36dbdc9da","name":"lips75","image":{"@type":"ImageObject","inLanguage":"fr-FR","@id":"https:\/\/www.automobiles-caveng.ch\/mercedes-benz\/#\/schema\/person\/image\/","url":"https:\/\/secure.gravatar.com\/avatar\/af8ed608e6c9d12b6b7297125267dadff7ecc1e498a8c4b2f928744873b26abc?s=96&d=mm&r=g","contentUrl":"https:\/\/secure.gravatar.com\/avatar\/af8ed608e6c9d12b6b7297125267dadff7ecc1e498a8c4b2f928744873b26abc?s=96&d=mm&r=g","caption":"lips75"},"sameAs":["https:\/\/automobiles-caveng.ch\/mercedes-benz\/new"]}]}},"_links":{"self":[{"href":"https:\/\/www.automobiles-caveng.ch\/mercedes-benz\/wp-json\/wp\/v2\/posts\/10870","targetHints":{"allow":["GET"]}}],"collection":[{"href":"https:\/\/www.automobiles-caveng.ch\/mercedes-benz\/wp-json\/wp\/v2\/posts"}],"about":[{"href":"https:\/\/www.automobiles-caveng.ch\/mercedes-benz\/wp-json\/wp\/v2\/types\/post"}],"author":[{"embeddable":true,"href":"https:\/\/www.automobiles-caveng.ch\/mercedes-benz\/wp-json\/wp\/v2\/users\/1"}],"replies":[{"embeddable":true,"href":"https:\/\/www.automobiles-caveng.ch\/mercedes-benz\/wp-json\/wp\/v2\/comments?post=10870"}],"version-history":[{"count":0,"href":"https:\/\/www.automobiles-caveng.ch\/mercedes-benz\/wp-json\/wp\/v2\/posts\/10870\/revisions"}],"wp:featuredmedia":[{"embeddable":true,"href":"https:\/\/www.automobiles-caveng.ch\/mercedes-benz\/wp-json\/wp\/v2\/media\/10871"}],"wp:attachment":[{"href":"https:\/\/www.automobiles-caveng.ch\/mercedes-benz\/wp-json\/wp\/v2\/media?parent=10870"}],"wp:term":[{"taxonomy":"category","embeddable":true,"href":"https:\/\/www.automobiles-caveng.ch\/mercedes-benz\/wp-json\/wp\/v2\/categories?post=10870"},{"taxonomy":"post_tag","embeddable":true,"href":"https:\/\/www.automobiles-caveng.ch\/mercedes-benz\/wp-json\/wp\/v2\/tags?post=10870"}],"curies":[{"name":"wp","href":"https:\/\/api.w.org\/{rel}","templated":true}]}}